{"id":54145,"date":"2023-02-03T10:59:21","date_gmt":"2023-02-03T14:59:21","guid":{"rendered":"https:\/\/www.brazilianpress.com\/v1\/?p=54145"},"modified":"2023-02-03T17:20:08","modified_gmt":"2023-02-03T21:20:08","slug":"social-press-03-02-2023","status":"publish","type":"post","link":"https:\/\/www.brazilianpress.com\/v1\/2023\/02\/03\/social-press-03-02-2023\/","title":{"rendered":"Social Press . 03\/02\/2023"},"content":{"rendered":"<p><strong><em>A super cantora de Axe Fr\u00ea Lima \u00e9 uma das principais atracoes do Mega Carnaval Brasileiro no Newark Museum que acontece dia 25 de Fevereiro. Entrada Gratis!<\/em><\/strong><\/p>\n<p><strong><em><img loading=\"lazy\" class=\"alignnone size-full wp-image-54139\" src=\"https:\/\/www.brazilianpress.com\/v1\/wp-content\/uploads\/2023\/02\/foto-2-Sylvio-Rocha.jpg\" alt=\"\" width=\"700\" height=\"851\" srcset=\"https:\/\/www.brazilianpress.com\/v1\/wp-content\/uploads\/2023\/02\/foto-2-Sylvio-Rocha.jpg 700w, https:\/\/www.brazilianpress.com\/v1\/wp-content\/uploads\/2023\/02\/foto-2-Sylvio-Rocha-247x300.jpg 247w\" sizes=\"(max-width: 700px) 100vw, 700px\" \/><br \/>\nSylvio Rocha,  o gal\u00e3 mais conhecido como Sylvio com \u201cY\u201d comemorou mais um ano de vida com muita anima\u00e7\u00e3o!<\/em><\/strong><\/p>\n<p><strong><em><img loading=\"lazy\" class=\"alignnone size-full wp-image-54141\" src=\"https:\/\/www.brazilianpress.com\/v1\/wp-content\/uploads\/2023\/02\/foto-3-israel.jpg\" alt=\"\" width=\"700\" height=\"399\" srcset=\"https:\/\/www.brazilianpress.com\/v1\/wp-content\/uploads\/2023\/02\/foto-3-israel.jpg 700w, https:\/\/www.brazilianpress.com\/v1\/wp-content\/uploads\/2023\/02\/foto-3-israel-300x171.jpg 300w\" sizes=\"(max-width: 700px) 100vw, 700px\" \/><br \/>\nIsrael guerra  o Cabeludo, se achando no meio das gatas e amigos, comemorando seu niver no casa Nova Adams. Parab\u00e9ns!<\/em><\/strong><\/p>\n<p><strong><em><img loading=\"lazy\" class=\"alignnone size-full wp-image-54142\" src=\"https:\/\/www.brazilianpress.com\/v1\/wp-content\/uploads\/2023\/02\/foto-4-Juliano-Barbosa-e-Regiani-porto.jpg\" alt=\"\" width=\"700\" height=\"704\" srcset=\"https:\/\/www.brazilianpress.com\/v1\/wp-content\/uploads\/2023\/02\/foto-4-Juliano-Barbosa-e-Regiani-porto.jpg 700w, https:\/\/www.brazilianpress.com\/v1\/wp-content\/uploads\/2023\/02\/foto-4-Juliano-Barbosa-e-Regiani-porto-298x300.jpg 298w, https:\/\/www.brazilianpress.com\/v1\/wp-content\/uploads\/2023\/02\/foto-4-Juliano-Barbosa-e-Regiani-porto-150x150.jpg 150w, https:\/\/www.brazilianpress.com\/v1\/wp-content\/uploads\/2023\/02\/foto-4-Juliano-Barbosa-e-Regiani-porto-180x180.jpg 180w\" sizes=\"(max-width: 700px) 100vw, 700px\" \/><br \/>\nJuliano Barbosa e Regiane Porto, o casal sempre sorridente e presente nos eventos comunit\u00e1rios<\/em><\/strong><\/p>\n<p><strong><em><img loading=\"lazy\" class=\"alignnone size-full wp-image-54143\" src=\"https:\/\/www.brazilianpress.com\/v1\/wp-content\/uploads\/2023\/02\/Foto-5-A-shout-out-to-Americas-future-Vivian-and-Joshua.jpg\" alt=\"\" width=\"700\" height=\"394\" srcset=\"https:\/\/www.brazilianpress.com\/v1\/wp-content\/uploads\/2023\/02\/Foto-5-A-shout-out-to-Americas-future-Vivian-and-Joshua.jpg 700w, https:\/\/www.brazilianpress.com\/v1\/wp-content\/uploads\/2023\/02\/Foto-5-A-shout-out-to-Americas-future-Vivian-and-Joshua-300x169.jpg 300w, https:\/\/www.brazilianpress.com\/v1\/wp-content\/uploads\/2023\/02\/Foto-5-A-shout-out-to-Americas-future-Vivian-and-Joshua-400x225.jpg 400w, https:\/\/www.brazilianpress.com\/v1\/wp-content\/uploads\/2023\/02\/Foto-5-A-shout-out-to-Americas-future-Vivian-and-Joshua-600x338.jpg 600w\" sizes=\"(max-width: 700px) 100vw, 700px\" \/><br \/>\nA shout-out to America&#8217;s future, Vivian and Joshua, Newark Arts High School students, taking a break with the delicious treats at Altas Horas Lanches. Super!<\/em><\/strong><\/p>\n<p><strong><em><img loading=\"lazy\" class=\"alignnone size-full wp-image-54144\" src=\"https:\/\/www.brazilianpress.com\/v1\/wp-content\/uploads\/2023\/02\/Foto-6-Italo-doria-Valente-niver.jpg\" alt=\"\" width=\"627\" height=\"900\" srcset=\"https:\/\/www.brazilianpress.com\/v1\/wp-content\/uploads\/2023\/02\/Foto-6-Italo-doria-Valente-niver.jpg 627w, https:\/\/www.brazilianpress.com\/v1\/wp-content\/uploads\/2023\/02\/Foto-6-Italo-doria-Valente-niver-209x300.jpg 209w\" sizes=\"(max-width: 627px) 100vw, 627px\" \/><br \/>\nHappy birthday  Italo Doria Valente, um dos brasileiros pioneiros na regi\u00e3o de Newark. Parab\u00e9ns!<\/em><\/strong><\/p>\n","protected":false},"excerpt":{"rendered":"<p>A super cantora de Axe Fr\u00ea Lima \u00e9 uma das principais atracoes do Mega Carnaval Brasileiro no Newark Museum que acontece dia 25 de Fevereiro. Entrada Gratis! Sylvio Rocha, o gal\u00e3 mais conhecido como Sylvio com \u201cY\u201d comemorou mais um ano de vida com muita anima\u00e7\u00e3o! Israel guerra o Cabeludo, se achando no meio das gatas e amigos, comemorando seu niver no casa Nova Adams. Parab\u00e9ns! Juliano Barbosa e Regiane Porto, o casal sempre sorridente e presente nos eventos comunit\u00e1rios A shout-out to America&#8217;s future, Vivian and Joshua, Newark Arts High School students, taking a break with the delicious treats [&hellip;]<\/p>\n","protected":false},"author":1,"featured_media":54140,"comment_status":"open","ping_status":"closed","sticky":false,"template":"","format":"standard","meta":{"_links_to":"","_links_to_target":""},"categories":[3,1,6],"tags":[],"views":1433,"_links":{"self":[{"href":"https:\/\/www.brazilianpress.com\/v1\/wp-json\/wp\/v2\/posts\/54145"}],"collection":[{"href":"https:\/\/www.brazilianpress.com\/v1\/wp-json\/wp\/v2\/posts"}],"about":[{"href":"https:\/\/www.brazilianpress.com\/v1\/wp-json\/wp\/v2\/types\/post"}],"author":[{"embeddable":true,"href":"https:\/\/www.brazilianpress.com\/v1\/wp-json\/wp\/v2\/users\/1"}],"replies":[{"embeddable":true,"href":"https:\/\/www.brazilianpress.com\/v1\/wp-json\/wp\/v2\/comments?post=54145"}],"version-history":[{"count":3,"href":"https:\/\/www.brazilianpress.com\/v1\/wp-json\/wp\/v2\/posts\/54145\/revisions"}],"predecessor-version":[{"id":54177,"href":"https:\/\/www.brazilianpress.com\/v1\/wp-json\/wp\/v2\/posts\/54145\/revisions\/54177"}],"wp:featuredmedia":[{"embeddable":true,"href":"https:\/\/www.brazilianpress.com\/v1\/wp-json\/wp\/v2\/media\/54140"}],"wp:attachment":[{"href":"https:\/\/www.brazilianpress.com\/v1\/wp-json\/wp\/v2\/media?parent=54145"}],"wp:term":[{"taxonomy":"category","embeddable":true,"href":"https:\/\/www.brazilianpress.com\/v1\/wp-json\/wp\/v2\/categories?post=54145"},{"taxonomy":"post_tag","embeddable":true,"href":"https:\/\/www.brazilianpress.com\/v1\/wp-json\/wp\/v2\/tags?post=54145"}],"curies":[{"name":"wp","href":"https:\/\/api.w.org\/{rel}","templated":true}]}}