{"id":54147,"date":"2023-02-03T13:18:02","date_gmt":"2023-02-03T17:18:02","guid":{"rendered":"https:\/\/www.brazilianpress.com\/v1\/?p=54147"},"modified":"2023-02-03T13:18:02","modified_gmt":"2023-02-03T17:18:02","slug":"lea-campos-jose-astolphi-o-pai-da-arbitragem-brasileira","status":"publish","type":"post","link":"https:\/\/www.brazilianpress.com\/v1\/2023\/02\/03\/lea-campos-jose-astolphi-o-pai-da-arbitragem-brasileira\/","title":{"rendered":"L\u00e9a Campos: Jos\u00e9 Astolphi, o Pai da Arbitragem Brasileira"},"content":{"rendered":"<p><strong>Grande ser humano, amigo, espont\u00e2neo, alegre, comunicativo e sempre pronto a ajudar. Astolphi foi um amigo que tive e algu\u00e9m que me incentivou muito quando fiz o curso de \u00e1rbitros na F.M.F. em 1967. Devido ao sobrenome, a torcida do galo o taxava de cruzeirense, mas na verdade ele, discretamente, era simp\u00e1tico ao Atl\u00e9tico.<\/strong><\/p>\n<p>Em 1969 tive o privil\u00e9gio de conhec\u00ea-lo quando foi contratado pela Federa\u00e7\u00e3o Mineira. Jos\u00e9 Astolphi nasceu em Birigui, interior de S\u00e3o Paulo, e iniciou sua carreira como jogador de futebol jogando pelo Linense, mas se retirou devido uma les\u00e3o no joelho. Nasceu dia 10 de abril de 1930, com a les\u00e3o do joelho passou a apitar jogos de basquete em sua terra at\u00e9 1958 quando iniciou a carreira de \u00e1rbitro na Liga Ara\u00e7atubense de Futebol. Dois anos mais tarde come\u00e7ou a apitar pela F.P.F onde ficou at\u00e9 1968, indo para a Federa\u00e7\u00e3o Mineira onde ficou de 1969 at\u00e9 1971. Foi nesta \u00e9poca que nos tornamos amigos. Foi respons\u00e1vel pela cria\u00e7\u00e3o da primeira Associa\u00e7\u00e3o de \u00c1rbitros no Brasil.<\/p>\n<p>Em 1972 retornou a F.P.F. atendendo ao convite do presidente daquela entidade, Jos\u00e9 Ermirio de Moraes, para assumir o departamento de \u00c1rbitros da Federa\u00e7\u00e3o Paulista de Futebol. Em 1981 criou o Sindicato dos \u00c1rbitros de S\u00e3o Paulo. Como podemos notar, embora pouco comentado, Astolphi foi pioneiro em v\u00e1rias de suas a\u00e7\u00f5es em prol dos \u00e1rbitros do futebol profissional. Ontem Jos\u00e9 Astolphi se despediu do mundo, levando com ele muito conhecimento vivido e repartido em seus 92 anos de idade. Sua heran\u00e7a s\u00e3o 4 filhos e v\u00e1rios netos e bisnetos que fizeram a diferen\u00e7a em sua vida. Morava em S\u00e3o Paulo e faleceu no Hospital Israelita Albert Einstein. A \u00faltima vez que estive com Astolphi foi no Mundial 2014 no Brasil, almo\u00e7amos juntos, tomamos vinho e ao me deixar no aeroporto, me presenteou com a mascote da Copa, que se antes a guardava com carinho agora com mais raz\u00e3o. Voc\u00ea e seus conhecimentos nos far\u00e3o muita falta. Descanse em paz Astolphi e que Deus d\u00ea a seus filhos, netos e bisnetos o conforto que necessitam.<\/p>\n<p><strong> Informar \u00e9 um privil\u00e9gio, informar corretamente uma obriga\u00e7\u00e3o. <\/strong><\/p>\n<p><strong>L\u00e9a Campos<\/strong><\/p>\n","protected":false},"excerpt":{"rendered":"<p>Grande ser humano, amigo, espont\u00e2neo, alegre, comunicativo e sempre pronto a ajudar. Astolphi foi um amigo que tive e algu\u00e9m que me incentivou muito quando fiz o curso de \u00e1rbitros na F.M.F. em 1967. Devido ao sobrenome, a torcida do galo o taxava de cruzeirense, mas na verdade ele, discretamente, era simp\u00e1tico ao Atl\u00e9tico. Em 1969 tive o privil\u00e9gio de conhec\u00ea-lo quando foi contratado pela Federa\u00e7\u00e3o Mineira. Jos\u00e9 Astolphi nasceu em Birigui, interior de S\u00e3o Paulo, e iniciou sua carreira como jogador de futebol jogando pelo Linense, mas se retirou devido uma les\u00e3o no joelho. Nasceu dia 10 de abril [&hellip;]<\/p>\n","protected":false},"author":1,"featured_media":54148,"comment_status":"open","ping_status":"closed","sticky":false,"template":"","format":"standard","meta":{"_links_to":"","_links_to_target":""},"categories":[15,1],"tags":[],"views":1844,"_links":{"self":[{"href":"https:\/\/www.brazilianpress.com\/v1\/wp-json\/wp\/v2\/posts\/54147"}],"collection":[{"href":"https:\/\/www.brazilianpress.com\/v1\/wp-json\/wp\/v2\/posts"}],"about":[{"href":"https:\/\/www.brazilianpress.com\/v1\/wp-json\/wp\/v2\/types\/post"}],"author":[{"embeddable":true,"href":"https:\/\/www.brazilianpress.com\/v1\/wp-json\/wp\/v2\/users\/1"}],"replies":[{"embeddable":true,"href":"https:\/\/www.brazilianpress.com\/v1\/wp-json\/wp\/v2\/comments?post=54147"}],"version-history":[{"count":1,"href":"https:\/\/www.brazilianpress.com\/v1\/wp-json\/wp\/v2\/posts\/54147\/revisions"}],"predecessor-version":[{"id":54149,"href":"https:\/\/www.brazilianpress.com\/v1\/wp-json\/wp\/v2\/posts\/54147\/revisions\/54149"}],"wp:featuredmedia":[{"embeddable":true,"href":"https:\/\/www.brazilianpress.com\/v1\/wp-json\/wp\/v2\/media\/54148"}],"wp:attachment":[{"href":"https:\/\/www.brazilianpress.com\/v1\/wp-json\/wp\/v2\/media?parent=54147"}],"wp:term":[{"taxonomy":"category","embeddable":true,"href":"https:\/\/www.brazilianpress.com\/v1\/wp-json\/wp\/v2\/categories?post=54147"},{"taxonomy":"post_tag","embeddable":true,"href":"https:\/\/www.brazilianpress.com\/v1\/wp-json\/wp\/v2\/tags?post=54147"}],"curies":[{"name":"wp","href":"https:\/\/api.w.org\/{rel}","templated":true}]}}