{"id":54166,"date":"2023-02-03T13:35:54","date_gmt":"2023-02-03T17:35:54","guid":{"rendered":"https:\/\/www.brazilianpress.com\/v1\/?p=54166"},"modified":"2023-02-03T13:35:54","modified_gmt":"2023-02-03T17:35:54","slug":"cantor-e-compositor-roberto-trevisan-anuncia-novo-projeto-em-homenagem-a-jo-soares","status":"publish","type":"post","link":"https:\/\/www.brazilianpress.com\/v1\/2023\/02\/03\/cantor-e-compositor-roberto-trevisan-anuncia-novo-projeto-em-homenagem-a-jo-soares\/","title":{"rendered":"Cantor e Compositor Roberto Trevisan anuncia novo projeto em homenagem a  J\u00f4 Soares"},"content":{"rendered":"<p><strong>RC- Ap\u00f3s ganhar os holofotes brasileiros e internacionais com sucessos nas novelas da Rede Globo, incluindo tema da novela &#8220;Am\u00e9rica&#8221;, o cantor, compositor e produtor musical Roberto Trevisan est\u00e1 com novos projetos no horizonte.<\/strong><\/p>\n<p><img loading=\"lazy\" class=\"size-full wp-image-54167 alignright\" src=\"https:\/\/www.brazilianpress.com\/v1\/wp-content\/uploads\/2023\/02\/Foto-1-COMUNIADDE-3-ROBERTO-TREVISAN.jpg\" alt=\"\" width=\"320\" height=\"240\" srcset=\"https:\/\/www.brazilianpress.com\/v1\/wp-content\/uploads\/2023\/02\/Foto-1-COMUNIADDE-3-ROBERTO-TREVISAN.jpg 320w, https:\/\/www.brazilianpress.com\/v1\/wp-content\/uploads\/2023\/02\/Foto-1-COMUNIADDE-3-ROBERTO-TREVISAN-300x225.jpg 300w, https:\/\/www.brazilianpress.com\/v1\/wp-content\/uploads\/2023\/02\/Foto-1-COMUNIADDE-3-ROBERTO-TREVISAN-180x135.jpg 180w\" sizes=\"(max-width: 320px) 100vw, 320px\" \/>Ap\u00f3s lan\u00e7ar a homenagem ao cowboy brasileiro Beto Carrero, onde canta ao lado da apresentadora Virginia a Lully (neta do cowboy), Trevisan arrega\u00e7a as mangas para um composi\u00e7\u00e3o cheia de humor e emo\u00e7\u00f5es em homenagem ao humorista e jornalista J\u00f4 Soares.<\/p>\n<p>A can\u00e7\u00e3o &#8220;Beijo do Gordo&#8221; foi composta durante uma viagem que Trevisan fez do M\u00e9xico a New York, relembrando momentos que passou com o entrevistador quando ele mesmo participou de seu programa. &#8220;O J\u00f4 entrevistou muita gente importante al\u00e9m de abrir novas oportunidades para novos artistas. Era o sof\u00e1 mais concorrido do Brasil&#8221;, contou ele durante entrevista ao site de Walther Alvarenga. Fiquem atentos para o breve lan\u00e7amento dessa t\u00e3o aguardada can\u00e7\u00e3o.<\/p>\n","protected":false},"excerpt":{"rendered":"<p>RC- Ap\u00f3s ganhar os holofotes brasileiros e internacionais com sucessos nas novelas da Rede Globo, incluindo tema da novela &#8220;Am\u00e9rica&#8221;, o cantor, compositor e produtor musical Roberto Trevisan est\u00e1 com novos projetos no horizonte. Ap\u00f3s lan\u00e7ar a homenagem ao cowboy brasileiro Beto Carrero, onde canta ao lado da apresentadora Virginia a Lully (neta do cowboy), Trevisan arrega\u00e7a as mangas para um composi\u00e7\u00e3o cheia de humor e emo\u00e7\u00f5es em homenagem ao humorista e jornalista J\u00f4 Soares. A can\u00e7\u00e3o &#8220;Beijo do Gordo&#8221; foi composta durante uma viagem que Trevisan fez do M\u00e9xico a New York, relembrando momentos que passou com o entrevistador [&hellip;]<\/p>\n","protected":false},"author":1,"featured_media":54168,"comment_status":"open","ping_status":"closed","sticky":false,"template":"","format":"standard","meta":{"_links_to":"","_links_to_target":""},"categories":[4,1],"tags":[],"views":1221,"_links":{"self":[{"href":"https:\/\/www.brazilianpress.com\/v1\/wp-json\/wp\/v2\/posts\/54166"}],"collection":[{"href":"https:\/\/www.brazilianpress.com\/v1\/wp-json\/wp\/v2\/posts"}],"about":[{"href":"https:\/\/www.brazilianpress.com\/v1\/wp-json\/wp\/v2\/types\/post"}],"author":[{"embeddable":true,"href":"https:\/\/www.brazilianpress.com\/v1\/wp-json\/wp\/v2\/users\/1"}],"replies":[{"embeddable":true,"href":"https:\/\/www.brazilianpress.com\/v1\/wp-json\/wp\/v2\/comments?post=54166"}],"version-history":[{"count":1,"href":"https:\/\/www.brazilianpress.com\/v1\/wp-json\/wp\/v2\/posts\/54166\/revisions"}],"predecessor-version":[{"id":54169,"href":"https:\/\/www.brazilianpress.com\/v1\/wp-json\/wp\/v2\/posts\/54166\/revisions\/54169"}],"wp:featuredmedia":[{"embeddable":true,"href":"https:\/\/www.brazilianpress.com\/v1\/wp-json\/wp\/v2\/media\/54168"}],"wp:attachment":[{"href":"https:\/\/www.brazilianpress.com\/v1\/wp-json\/wp\/v2\/media?parent=54166"}],"wp:term":[{"taxonomy":"category","embeddable":true,"href":"https:\/\/www.brazilianpress.com\/v1\/wp-json\/wp\/v2\/categories?post=54166"},{"taxonomy":"post_tag","embeddable":true,"href":"https:\/\/www.brazilianpress.com\/v1\/wp-json\/wp\/v2\/tags?post=54166"}],"curies":[{"name":"wp","href":"https:\/\/api.w.org\/{rel}","templated":true}]}}