{"id":54170,"date":"2023-02-03T13:39:30","date_gmt":"2023-02-03T17:39:30","guid":{"rendered":"https:\/\/www.brazilianpress.com\/v1\/?p=54170"},"modified":"2023-02-03T13:39:30","modified_gmt":"2023-02-03T17:39:30","slug":"indiciada-por-trafico-de-drogas-brasileira-e-presa-na-indonesia","status":"publish","type":"post","link":"https:\/\/www.brazilianpress.com\/v1\/2023\/02\/03\/indiciada-por-trafico-de-drogas-brasileira-e-presa-na-indonesia\/","title":{"rendered":"Indiciada por tr\u00e1fico de drogas, brasileira \u00e9 presa na Indon\u00e9sia"},"content":{"rendered":"<p><strong>A brasileira Manuela Vit\u00f3ria de Ara\u00fajo Farias, de 19 anos, foi presa com coca\u00edna na Ilha de Bali, uma das mais conhecidas da Indon\u00e9sia. Na sexta-feira (27), ela foi indiciada por tr\u00e1fico de drogas no pa\u00eds asi\u00e1tico, que prev\u00ea a pena de morte em caso de condena\u00e7\u00e3o.<\/strong><\/p>\n<p>O advogado dela, Davi Lira da Silva, alegou que ela foi enganada por uma organiza\u00e7\u00e3o criminosa de Santa Catarina, que prometeu f\u00e9rias e aulas de surfe para ela no pa\u00eds asi\u00e1tico.<\/p>\n<p><img src=\"https:\/\/conteudo.imguol.com.br\/c\/noticias\/33\/2023\/01\/28\/manuela-vitoria-de-araujo-farias-de-19-anos-foi-presa-no-aeroporto-internacional-de-bali-com-3-kg-de-cocaina-1674907312280_v2_900x506.jpg\" alt=\"Brasileira presa com coca\u00edna em Bali foi atra\u00edda por escola de surfe\" \/><\/p>\n<p>O Itamaraty disse em nota que acompanha o caso: &#8220;O Minist\u00e9rio das Rela\u00e7\u00f5es Exteriores, por meio da Embaixada do Brasil em Jacarta, tem conhecimento do caso e vem prestando a assist\u00eancia consular cab\u00edvel \u00e0 nacional, em conformidade com os tratados internacionais vigentes e com a legisla\u00e7\u00e3o local&#8221;.<\/p>\n<p>De acordo com a imprensa local, a mulher foi detida no aeroporto de Bali em 31 de dezembro com cerca de 3 quilos de coca\u00edna em uma das bagagens. O advogado diz que que Manuela n\u00e3o sabia o que levava nas malas.<\/p>\n<p><img src=\"https:\/\/img.r7.com\/images\/brasileira-e-presa-por-trafico-internacional-de-drogas-em-bali-02022023192829837?dimensions=771x420&amp;&amp;&amp;&amp;&amp;&amp;resize=771x420&amp;crop=513x279+0+30\" alt=\"Jovem de Bel\u00e9m \u00e9 presa por tr\u00e1fico internacional de drogas em Bali e corre  risco de pena de morte - Not\u00edcias - R7 Cidades\" \/><\/p>\n<p>&#8220;Ela foi aliciada por uma organiza\u00e7\u00e3o criminosa de Santa Catarina. De in\u00edcio, foi convidada a levar algo para a Indon\u00e9sia. Perguntaram se ela tinha passaporte. Ela j\u00e1 tinha feito outra viagem internacional, com o namorado para Portugal. Perguntaram &#8216;n\u00e3o quer levar um neg\u00f3cio para mim&#8217;? Prometeram um m\u00eas de f\u00e9rias na Indon\u00e9sia, n\u00e3o falaram o conte\u00fado do que ela ia levar&#8221;, diz.<\/p>\n<p>Ainda segundo Silva, a mulher tentou abandonar a ideia, mas foi obrigada pela organiza\u00e7\u00e3o a continuar. &#8220;Pensou em desistir, mas as pessoas for\u00e7aram. &#8216;N\u00e3o pode n\u00e3o ir, a gente j\u00e1 gastou R$ 16 mil, R$ 20 mil, agora tem que ir ou ent\u00e3o tem que devolver o dinheiro para a gente&#8217;. Foi constrangida a viajar&#8221;, reiterou. &#8220;Ela passou no aeroporto no Brasil e no Catar. Quando foi do dia 31 [de dezembro] para o dia 1\u00ba [de janeiro], foi detida no aeroporto da Indon\u00e9sia&#8221;, relatou o advogado.<\/p>\n<p>O advogado explicou que no pa\u00eds asi\u00e1tico n\u00e3o h\u00e1 nas normas uma distin\u00e7\u00e3o na pena para pessoas que atuem como &#8220;mulas&#8221;. Havia a expectativa que a mulher n\u00e3o fosse indiciada. Na Indon\u00e9sia, h\u00e1 pena de morte para o tr\u00e1fico de drogas. &#8220;A fam\u00edlia est\u00e1 muito preocupada por causa da pena capital&#8221;, disse o advogado. No pa\u00eds asi\u00e1tico, ela \u00e9 defendida por um defensor p\u00fablico. Silva reitera que n\u00e3o tem contato direto com a mulher. A comunica\u00e7\u00e3o \u00e9 intermediada pela Embaixada do Brasil na Indon\u00e9sia. Manuela est\u00e1 presa em um local de deten\u00e7\u00e3o provis\u00f3ria. Com o indiciamento, deve ser transferida para um pres\u00eddio.<\/p>\n<p>Ela deve passar por um processo judicial, que dura, em m\u00e9dia, oito meses. &#8220;A Manuela n\u00e3o \u00e9 uma narcotraficante, ela n\u00e3o ostenta padr\u00e3o de vida elevado, \u00e9 mais uma v\u00edtima de organiza\u00e7\u00e3o criminosa. A fam\u00edlia tenta fazer uma campanha, para levantar dinheiro para pagar um advogado especialista na Indon\u00e9sia. A fam\u00edlia est\u00e1 desesperada, mas tem esperan\u00e7a que ela n\u00e3o pegue pena capital, que seja demonstrado que ela foi usada [pela organiza\u00e7\u00e3o criminosa]&#8221;, disse o advogado.<\/p>\n","protected":false},"excerpt":{"rendered":"<p>A brasileira Manuela Vit\u00f3ria de Ara\u00fajo Farias, de 19 anos, foi presa com coca\u00edna na Ilha de Bali, uma das mais conhecidas da Indon\u00e9sia. Na sexta-feira (27), ela foi indiciada por tr\u00e1fico de drogas no pa\u00eds asi\u00e1tico, que prev\u00ea a pena de morte em caso de condena\u00e7\u00e3o. O advogado dela, Davi Lira da Silva, alegou que ela foi enganada por uma organiza\u00e7\u00e3o criminosa de Santa Catarina, que prometeu f\u00e9rias e aulas de surfe para ela no pa\u00eds asi\u00e1tico. O Itamaraty disse em nota que acompanha o caso: &#8220;O Minist\u00e9rio das Rela\u00e7\u00f5es Exteriores, por meio da Embaixada do Brasil em Jacarta, [&hellip;]<\/p>\n","protected":false},"author":1,"featured_media":54171,"comment_status":"open","ping_status":"closed","sticky":false,"template":"","format":"standard","meta":{"_links_to":"","_links_to_target":""},"categories":[3,8,1],"tags":[],"views":1131,"_links":{"self":[{"href":"https:\/\/www.brazilianpress.com\/v1\/wp-json\/wp\/v2\/posts\/54170"}],"collection":[{"href":"https:\/\/www.brazilianpress.com\/v1\/wp-json\/wp\/v2\/posts"}],"about":[{"href":"https:\/\/www.brazilianpress.com\/v1\/wp-json\/wp\/v2\/types\/post"}],"author":[{"embeddable":true,"href":"https:\/\/www.brazilianpress.com\/v1\/wp-json\/wp\/v2\/users\/1"}],"replies":[{"embeddable":true,"href":"https:\/\/www.brazilianpress.com\/v1\/wp-json\/wp\/v2\/comments?post=54170"}],"version-history":[{"count":1,"href":"https:\/\/www.brazilianpress.com\/v1\/wp-json\/wp\/v2\/posts\/54170\/revisions"}],"predecessor-version":[{"id":54172,"href":"https:\/\/www.brazilianpress.com\/v1\/wp-json\/wp\/v2\/posts\/54170\/revisions\/54172"}],"wp:featuredmedia":[{"embeddable":true,"href":"https:\/\/www.brazilianpress.com\/v1\/wp-json\/wp\/v2\/media\/54171"}],"wp:attachment":[{"href":"https:\/\/www.brazilianpress.com\/v1\/wp-json\/wp\/v2\/media?parent=54170"}],"wp:term":[{"taxonomy":"category","embeddable":true,"href":"https:\/\/www.brazilianpress.com\/v1\/wp-json\/wp\/v2\/categories?post=54170"},{"taxonomy":"post_tag","embeddable":true,"href":"https:\/\/www.brazilianpress.com\/v1\/wp-json\/wp\/v2\/tags?post=54170"}],"curies":[{"name":"wp","href":"https:\/\/api.w.org\/{rel}","templated":true}]}}