{"id":54178,"date":"2023-02-04T08:39:29","date_gmt":"2023-02-04T12:39:29","guid":{"rendered":"https:\/\/www.brazilianpress.com\/v1\/?p=54178"},"modified":"2023-02-04T08:39:29","modified_gmt":"2023-02-04T12:39:29","slug":"saf-do-atletico-mg-rafael-menin-fala-sobre-investidor-dividas-e-proximos-passos","status":"publish","type":"post","link":"https:\/\/www.brazilianpress.com\/v1\/2023\/02\/04\/saf-do-atletico-mg-rafael-menin-fala-sobre-investidor-dividas-e-proximos-passos\/","title":{"rendered":"SAF do Atl\u00e9tico-MG: Rafael Menin fala sobre investidor, d\u00edvidas e pr\u00f3ximos passos"},"content":{"rendered":"<p><strong>O\u00a0Atl\u00e9tico-MG\u00a0j\u00e1 tem assinada uma proposta n\u00e3o vinculante com um fundo de investimentos avan\u00e7ado para se tornar o s\u00f3cio majorit\u00e1rio do clube-empresa no qual o Galo ir\u00e1 se transformar em 2023. O nome do l\u00edder desse fundo n\u00e3o \u00e9 revelado, por cl\u00e1usula contratual, mas Rafael Menin comentou alguns aspectos e o perfil do futuro s\u00f3cio majorit\u00e1rio alvinegro.<\/strong><\/p>\n<p>O\u00a0ge\u00a0apurou que se trata de Peter Grieve, dono da FootballCo, que cria esse novo fundo que captar\u00e1 recurso atrav\u00e9s de outras empresas, para comprar ao menos 51% da SAF do Atl\u00e9tico. A associa\u00e7\u00e3o civil pretende permanecer com pouco menos de 40%, at\u00e9 pela representatividade no conselho de administra\u00e7\u00e3o.<\/p>\n<p>A proposta n\u00e3o-vinculante precisa se transformar no chamado &#8220;memorando de entendimentos&#8221;, e ser apreciado pelo Conselho Deliberativo, que aprova ou n\u00e3o a venda. A &#8220;valuation&#8221; do Galo tamb\u00e9m n\u00e3o \u00e9 confirmada. Mas caminha para ser R$ 800 milh\u00f5es aportados em troca de 51% das a\u00e7\u00f5es.<\/p>\n<p>A ideia do Atl\u00e9tico \u00e9 de ter um ataque direto \u00e0 d\u00edvida onerosa, que est\u00e1 na casa dos R$ 600 milh\u00f5es, e que gera um custo anual acima de R$ 100 milh\u00f5es aos cofres.<\/p>\n<p>A entrevista com Rafael Menin, que \u00e9 membro do \u00f3rg\u00e3o colegiado do Atl\u00e9tico, e foi vice-presidente do Conselho Deliberativo, vai ao ar na pr\u00f3xima sexta-feira, e aborda temas como a situa\u00e7\u00e3o financeira do clube, a venda do Diamond Mall, e a chegada da Arena MRV.<\/p>\n<p>Veja as respostas de Rafael Menin:<br \/>\n\u00b7\u00a0\u00a0\u00a0\u00a0\u00a0\u00a0\u00a0\u00a0 Perfil do fundo de investimento avan\u00e7ado:<\/p>\n<p>&#8211; \u00c9 um fundo de investimento que foi fundado para gerir dinheiro, alocar dinheiro em esporte. \u00c9 um fundo americano. Toda transa\u00e7\u00e3o de aquisi\u00e7\u00e3o, o levantamento de capital para o fundo \u00e9 normal. Esses fundos fazem rodadas de investimento para alocar capital novo naquela oportunidade. \u00c9 um modelo normal. N\u00e3o \u00e9 uma pessoa que tem um dinheiro parado. Ela tem um recurso, e no modelo de investimento \u00e9 de os fundos irem ao mercado e trazem outros investidores a reboque. Funciona assim quando se vai comprar gasoduto da Petrobr\u00e1s ou empresa brasileira. \u00c9 o modus operandi do mercado. H\u00e1 um fundo que lidera e capta dinheiro para participar da transa\u00e7\u00e3o.<\/p>\n<p>&#8220;O ponto \u00e9 o valuation. O Atl\u00e9tico tem d\u00edvida muito grande. Precisamos de capital consider\u00e1vel para o balan\u00e7o financeiro e o dia a dia do clube&#8221;<\/p>\n<p>\u00b7\u00a0\u00a0\u00a0\u00a0\u00a0\u00a0\u00a0\u00a0 Portas n\u00e3o foram fechadas<\/p>\n<p>&#8211; A gente tem um investidor mais avan\u00e7ado, mas como conversamos com muita gente, naturalmente outros investidores que o &#8220;timing&#8221; n\u00e3o casou, ou o modelo n\u00e3o foi adequado, alguns voltaram e perguntaram se o processo poderia ser retomado. Eu diria que n\u00f3s temos o plano A, mas temos plano B e plano C.<\/p>\n<p>&#8220;Vi mat\u00e9rias falando que o Atl\u00e9tico t\u00e1 trazendo fundo que n\u00e3o tem dinheiro nenhum. O fundo \u00e9, \u00e0s vezes, o instrumento. H\u00e1 gente por tr\u00e1s com recurso e um novo capital \u00e9 levantado&#8221;.<\/p>\n<p>\u00b7\u00a0\u00a0\u00a0\u00a0\u00a0\u00a0\u00a0\u00a0 Divis\u00e3o de a\u00e7\u00f5es<\/p>\n<p>&#8211; No momento atual, o Atl\u00e9tico ter\u00e1 pouco menos de 40%. Al\u00e9m de ter cadeiras (no conselho de administra\u00e7\u00e3o da SAF), tem outro aspecto importante. Daqui cinco anos, por exemplo, o futebol brasileiro mudou de patamar, as valuations mudaram muito, voc\u00ea pode fazer novas rodadas de investimento. Quem vendeu tudo agora, e o limite \u00e9 vender 90%, \u00e9 muito mais complicado para fazer nova rodada de investimento. O Atl\u00e9tico, com esses 40%, pode fazer uma nova opera\u00e7\u00e3o daqui 5 anos, por exemplo.<\/p>\n<p>\u00b7\u00a0\u00a0\u00a0\u00a0\u00a0\u00a0\u00a0\u00a0 Fluxo do investimento<\/p>\n<p>&#8211; O dinheiro da nossa SAF \u00e9 perto do valor que todo mundo vem falando. \u00c9 um &#8220;cheque&#8221; mesmo, com prazo de pagamento relativamente curto, eu diria. E parte desse dinheiro vai para pagar d\u00edvida, e parte vai para investimento no futebol.<\/p>\n","protected":false},"excerpt":{"rendered":"<p>O\u00a0Atl\u00e9tico-MG\u00a0j\u00e1 tem assinada uma proposta n\u00e3o vinculante com um fundo de investimentos avan\u00e7ado para se tornar o s\u00f3cio majorit\u00e1rio do clube-empresa no qual o Galo ir\u00e1 se transformar em 2023. O nome do l\u00edder desse fundo n\u00e3o \u00e9 revelado, por cl\u00e1usula contratual, mas Rafael Menin comentou alguns aspectos e o perfil do futuro s\u00f3cio majorit\u00e1rio alvinegro. O\u00a0ge\u00a0apurou que se trata de Peter Grieve, dono da FootballCo, que cria esse novo fundo que captar\u00e1 recurso atrav\u00e9s de outras empresas, para comprar ao menos 51% da SAF do Atl\u00e9tico. A associa\u00e7\u00e3o civil pretende permanecer com pouco menos de 40%, at\u00e9 pela representatividade [&hellip;]<\/p>\n","protected":false},"author":1,"featured_media":54179,"comment_status":"open","ping_status":"closed","sticky":false,"template":"","format":"standard","meta":{"_links_to":"","_links_to_target":""},"categories":[9,1],"tags":[],"views":776,"_links":{"self":[{"href":"https:\/\/www.brazilianpress.com\/v1\/wp-json\/wp\/v2\/posts\/54178"}],"collection":[{"href":"https:\/\/www.brazilianpress.com\/v1\/wp-json\/wp\/v2\/posts"}],"about":[{"href":"https:\/\/www.brazilianpress.com\/v1\/wp-json\/wp\/v2\/types\/post"}],"author":[{"embeddable":true,"href":"https:\/\/www.brazilianpress.com\/v1\/wp-json\/wp\/v2\/users\/1"}],"replies":[{"embeddable":true,"href":"https:\/\/www.brazilianpress.com\/v1\/wp-json\/wp\/v2\/comments?post=54178"}],"version-history":[{"count":1,"href":"https:\/\/www.brazilianpress.com\/v1\/wp-json\/wp\/v2\/posts\/54178\/revisions"}],"predecessor-version":[{"id":54180,"href":"https:\/\/www.brazilianpress.com\/v1\/wp-json\/wp\/v2\/posts\/54178\/revisions\/54180"}],"wp:featuredmedia":[{"embeddable":true,"href":"https:\/\/www.brazilianpress.com\/v1\/wp-json\/wp\/v2\/media\/54179"}],"wp:attachment":[{"href":"https:\/\/www.brazilianpress.com\/v1\/wp-json\/wp\/v2\/media?parent=54178"}],"wp:term":[{"taxonomy":"category","embeddable":true,"href":"https:\/\/www.brazilianpress.com\/v1\/wp-json\/wp\/v2\/categories?post=54178"},{"taxonomy":"post_tag","embeddable":true,"href":"https:\/\/www.brazilianpress.com\/v1\/wp-json\/wp\/v2\/tags?post=54178"}],"curies":[{"name":"wp","href":"https:\/\/api.w.org\/{rel}","templated":true}]}}