{"id":54185,"date":"2023-02-04T08:42:24","date_gmt":"2023-02-04T12:42:24","guid":{"rendered":"https:\/\/www.brazilianpress.com\/v1\/?p=54185"},"modified":"2023-02-04T08:42:24","modified_gmt":"2023-02-04T12:42:24","slug":"portugal-tem-mais-de-100-mil-brasileiros-em-situacao-irregular","status":"publish","type":"post","link":"https:\/\/www.brazilianpress.com\/v1\/2023\/02\/04\/portugal-tem-mais-de-100-mil-brasileiros-em-situacao-irregular\/","title":{"rendered":"Portugal tem mais de 100 mil brasileiros em situa\u00e7\u00e3o irregular"},"content":{"rendered":"<p><strong>Mais de 100 mil brasileiros est\u00e3o em situa\u00e7\u00e3o irregular em Portugal, \u00e0 espera do Servi\u00e7o de Estrangeiros e Fronteiras (SEF), \u00f3rg\u00e3o respons\u00e1vel por conceder as autoriza\u00e7\u00f5es de resid\u00eancia e trabalho no pa\u00eds europeu. O dado foi repassado ao senador Chico Rodrigues (Uni\u00e3o Brasil-RR) pelos tr\u00eas consulados e pela embaixada do Brasil em territ\u00f3rio luso.<\/strong><\/p>\n<p>O n\u00famero coincide com o divulgado recentemente pelo ministro da Administra\u00e7\u00e3o Interna, Jos\u00e9 Lu\u00eds Carneiro, ao qual o \u00f3rg\u00e3o respons\u00e1vel pelo sistema de imigra\u00e7\u00e3o portugu\u00eas est\u00e1 subordinado. Ele afirma que a lista de pend\u00eancias do SEF passa de 200 mil pessoas, sendo a maior parte, de brasileiros.<\/p>\n<p>A demora do SEF para a regulariza\u00e7\u00e3o de estrangeiros est\u00e1 criando problemas sociais enormes. &#8220;Sem a documenta\u00e7\u00e3o necess\u00e1ria, essas pessoas n\u00e3o conseguem arrumar empregos formais, abrir contas em bancos nem alugar im\u00f3veis&#8221;, diz o senador. &#8220;O resultado \u00e9 o aumento da vulnerabilidade dos imigrantes. O que observamos nas visitas a Lisboa, ao Porto e a Faro, onde est\u00e3o os tr\u00eas consulados, foi uma situa\u00e7\u00e3o dram\u00e1tica entre os brasileiros. Constatamos pessoas vivendo em condi\u00e7\u00f5es sub-humanas&#8221;, ressalta o parlamentar, encarregado de apresentar um dossi\u00ea ao Senado sobre a realidade dos brasileiros em Portugal.<\/p>\n<p>&#8220;\u00c9 fato que todas as comunidades de estrangeiros que vivem em Portugal est\u00e3o enfrentando dificuldades&#8221;, destaca o deputado portugu\u00eas Jo\u00e3o Moura, do PSD. &#8220;Portugal e toda a Europa passam por um momento muito especial, com infla\u00e7\u00e3o alta (na casa dos 10% ao ano) e alugu\u00e9is caros (alta m\u00e9dia de 37% em 2022)&#8221;, acrescenta. Ele reconhece, por\u00e9m, que Portugal &#8220;precisa, mais do que nunca, dos brasileiros, pois enfrenta uma crise demogr\u00e1fica&#8221;. H\u00e1 falta de m\u00e3o de obra para servi\u00e7os b\u00e1sicos, como no setor de turismo.<\/p>\n<p>De nada adianta ter essas oportunidades no mercado de trabalho se as autoridades portuguesas n\u00e3o se empenham por oferecer condi\u00e7\u00f5es dignas aos imigrantes que chegam ao pa\u00eds, pondera Jos\u00e9 Vicente, integrante do coletivo Rede de Apoio M\u00fatuo. &#8220;H\u00e1 pessoas que est\u00e3o esperando pela regulariza\u00e7\u00e3o pelo SEF h\u00e1 mais de dois anos&#8221;, enfatiza.<\/p>\n<p>Diretor-geral da Organiza\u00e7\u00e3o Internacional para Migra\u00e7\u00f5es (OIM), Vasco Malta refor\u00e7a esse quadro alarmante. Ele apresentou dados ao senador Chico Rodrigues nos quais estima que ao menos 10% dos 233,1 mil brasileiros registrados oficialmente em Portugal enfrentam dificuldades para se manter no pa\u00eds. Ou seja, 23,3 mil n\u00e3o conseguem fechar as contas do m\u00eas. &#8220;Se aqueles que t\u00eam registro formal, que podem trabalhar legalmente, enfrentam problemas, imagine aqueles que est\u00e3o na ilegalidade. Esses est\u00e3o entregues \u00e0 pr\u00f3pria sorte&#8221;, afirma o parlamentar.<\/p>\n<p>O aperto vivido por brasileiros tem sido t\u00e3o forte que muitos est\u00e3o preferindo abandonar os sonhos no meio do caminho e fazer o caminho de volta. Nos c\u00e1lculos do diretor-geral da OIM, no ano passado, 903 cidad\u00e3os oriundos do Brasil foram repatriados com a ajuda do \u00f3rg\u00e3o, o triplo do observado tr\u00eas anos antes. Somente em janeiro de 2023, que ainda n\u00e3o acabou, 1.050 brasileiros se inscreveram no programa da organiza\u00e7\u00e3o para retornar ao pa\u00eds.<\/p>\n<p>&#8220;S\u00e3o dados assustadores. E chama a aten\u00e7\u00e3o que os pedidos de repatria\u00e7\u00e3o t\u00eam partido de pessoas que chegaram a Portugal h\u00e1 pouco tempo, alguns, h\u00e1 semanas. \u00c9 uma vulnerabilidade precoce&#8221;, comenta o senador. Nesses casos, acredita ele, a maioria \u00e9 de v\u00edtimas de youtubers, que espalham fake news pela internet. A propaganda enganosa est\u00e1 t\u00e3o forte que a Justi\u00e7a portuguesa abriu investiga\u00e7\u00f5es contra 22 influencers brasileiros.<\/p>\n","protected":false},"excerpt":{"rendered":"<p>Mais de 100 mil brasileiros est\u00e3o em situa\u00e7\u00e3o irregular em Portugal, \u00e0 espera do Servi\u00e7o de Estrangeiros e Fronteiras (SEF), \u00f3rg\u00e3o respons\u00e1vel por conceder as autoriza\u00e7\u00f5es de resid\u00eancia e trabalho no pa\u00eds europeu. O dado foi repassado ao senador Chico Rodrigues (Uni\u00e3o Brasil-RR) pelos tr\u00eas consulados e pela embaixada do Brasil em territ\u00f3rio luso. O n\u00famero coincide com o divulgado recentemente pelo ministro da Administra\u00e7\u00e3o Interna, Jos\u00e9 Lu\u00eds Carneiro, ao qual o \u00f3rg\u00e3o respons\u00e1vel pelo sistema de imigra\u00e7\u00e3o portugu\u00eas est\u00e1 subordinado. Ele afirma que a lista de pend\u00eancias do SEF passa de 200 mil pessoas, sendo a maior parte, de [&hellip;]<\/p>\n","protected":false},"author":1,"featured_media":53483,"comment_status":"open","ping_status":"closed","sticky":false,"template":"","format":"standard","meta":{"_links_to":"","_links_to_target":""},"categories":[8,1],"tags":[],"views":835,"_links":{"self":[{"href":"https:\/\/www.brazilianpress.com\/v1\/wp-json\/wp\/v2\/posts\/54185"}],"collection":[{"href":"https:\/\/www.brazilianpress.com\/v1\/wp-json\/wp\/v2\/posts"}],"about":[{"href":"https:\/\/www.brazilianpress.com\/v1\/wp-json\/wp\/v2\/types\/post"}],"author":[{"embeddable":true,"href":"https:\/\/www.brazilianpress.com\/v1\/wp-json\/wp\/v2\/users\/1"}],"replies":[{"embeddable":true,"href":"https:\/\/www.brazilianpress.com\/v1\/wp-json\/wp\/v2\/comments?post=54185"}],"version-history":[{"count":1,"href":"https:\/\/www.brazilianpress.com\/v1\/wp-json\/wp\/v2\/posts\/54185\/revisions"}],"predecessor-version":[{"id":54186,"href":"https:\/\/www.brazilianpress.com\/v1\/wp-json\/wp\/v2\/posts\/54185\/revisions\/54186"}],"wp:featuredmedia":[{"embeddable":true,"href":"https:\/\/www.brazilianpress.com\/v1\/wp-json\/wp\/v2\/media\/53483"}],"wp:attachment":[{"href":"https:\/\/www.brazilianpress.com\/v1\/wp-json\/wp\/v2\/media?parent=54185"}],"wp:term":[{"taxonomy":"category","embeddable":true,"href":"https:\/\/www.brazilianpress.com\/v1\/wp-json\/wp\/v2\/categories?post=54185"},{"taxonomy":"post_tag","embeddable":true,"href":"https:\/\/www.brazilianpress.com\/v1\/wp-json\/wp\/v2\/tags?post=54185"}],"curies":[{"name":"wp","href":"https:\/\/api.w.org\/{rel}","templated":true}]}}