{"id":54187,"date":"2023-02-04T08:46:36","date_gmt":"2023-02-04T12:46:36","guid":{"rendered":"https:\/\/www.brazilianpress.com\/v1\/?p=54187"},"modified":"2023-02-04T08:46:36","modified_gmt":"2023-02-04T12:46:36","slug":"justica-proibe-ordem-de-despejo-e-corte-de-energia-do-grupo-americanas","status":"publish","type":"post","link":"https:\/\/www.brazilianpress.com\/v1\/2023\/02\/04\/justica-proibe-ordem-de-despejo-e-corte-de-energia-do-grupo-americanas\/","title":{"rendered":"Justi\u00e7a pro\u00edbe ordem de despejo e corte de energia do Grupo Americanas"},"content":{"rendered":"<p><strong>O juiz Luiz Alberto Carvalho Alves, da 4\u00aa Vara Empresarial da Capital do Tribunal de Justi\u00e7a do Rio de Janeiro, concedeu nesta quarta-feira (1\u00ba) tutela de urg\u00eancia incidental ao Grupo Americanas determinando que todas as concession\u00e1rias, principalmente as de energia Enel e Light, abstenham-se de interromper a presta\u00e7\u00e3o dos servi\u00e7os essenciais em qualquer estabelecimento das Americanas, sob pena de multa di\u00e1ria de R$ 100 mil.<\/strong><\/p>\n<p>A decis\u00e3o se refere \u00e0 interrup\u00e7\u00e3o de servi\u00e7os para cobran\u00e7a de cr\u00e9ditos sujeitos \u00e0 recupera\u00e7\u00e3o judicial que as Americanas est\u00e3o em processo. O magistrado determinou, ainda, que os locadores dos im\u00f3veis ao Grupo Americanas se abstenham de emitir ordem de despejo em raz\u00e3o de d\u00edvidas locat\u00edcias anteriores ao pedido de recupera\u00e7\u00e3o judicial.<\/p>\n<p>\u201cSem seus estabelecimentos comerciais, ou mesmo sem a presta\u00e7\u00e3o dos servi\u00e7os essenciais, simplesmente n\u00e3o haver\u00e1 como assegurar o soerguimento do grupo econ\u00f4mico, inviabilizando a recupera\u00e7\u00e3o judicial, com o preju\u00edzo de todos os seus credores, sendo necess\u00e1rio mencionar que as vendas atrav\u00e9s de e-commerce, apesar de bastante difundidas, n\u00e3o substituem as atividades desenvolvidas em diversas lojas f\u00edsicas existentes em todo o pa\u00eds, acess\u00edveis a todos os consumidores, que inclusive n\u00e3o utilizam o servi\u00e7o prestado pela empresa virtualmente\u201d, escreveu o juiz.\u00a0(ABr)<\/p>\n","protected":false},"excerpt":{"rendered":"<p>O juiz Luiz Alberto Carvalho Alves, da 4\u00aa Vara Empresarial da Capital do Tribunal de Justi\u00e7a do Rio de Janeiro, concedeu nesta quarta-feira (1\u00ba) tutela de urg\u00eancia incidental ao Grupo Americanas determinando que todas as concession\u00e1rias, principalmente as de energia Enel e Light, abstenham-se de interromper a presta\u00e7\u00e3o dos servi\u00e7os essenciais em qualquer estabelecimento das Americanas, sob pena de multa di\u00e1ria de R$ 100 mil. A decis\u00e3o se refere \u00e0 interrup\u00e7\u00e3o de servi\u00e7os para cobran\u00e7a de cr\u00e9ditos sujeitos \u00e0 recupera\u00e7\u00e3o judicial que as Americanas est\u00e3o em processo. O magistrado determinou, ainda, que os locadores dos im\u00f3veis ao Grupo Americanas se [&hellip;]<\/p>\n","protected":false},"author":1,"featured_media":54188,"comment_status":"open","ping_status":"closed","sticky":false,"template":"","format":"standard","meta":{"_links_to":"","_links_to_target":""},"categories":[7,1],"tags":[],"views":902,"_links":{"self":[{"href":"https:\/\/www.brazilianpress.com\/v1\/wp-json\/wp\/v2\/posts\/54187"}],"collection":[{"href":"https:\/\/www.brazilianpress.com\/v1\/wp-json\/wp\/v2\/posts"}],"about":[{"href":"https:\/\/www.brazilianpress.com\/v1\/wp-json\/wp\/v2\/types\/post"}],"author":[{"embeddable":true,"href":"https:\/\/www.brazilianpress.com\/v1\/wp-json\/wp\/v2\/users\/1"}],"replies":[{"embeddable":true,"href":"https:\/\/www.brazilianpress.com\/v1\/wp-json\/wp\/v2\/comments?post=54187"}],"version-history":[{"count":1,"href":"https:\/\/www.brazilianpress.com\/v1\/wp-json\/wp\/v2\/posts\/54187\/revisions"}],"predecessor-version":[{"id":54189,"href":"https:\/\/www.brazilianpress.com\/v1\/wp-json\/wp\/v2\/posts\/54187\/revisions\/54189"}],"wp:featuredmedia":[{"embeddable":true,"href":"https:\/\/www.brazilianpress.com\/v1\/wp-json\/wp\/v2\/media\/54188"}],"wp:attachment":[{"href":"https:\/\/www.brazilianpress.com\/v1\/wp-json\/wp\/v2\/media?parent=54187"}],"wp:term":[{"taxonomy":"category","embeddable":true,"href":"https:\/\/www.brazilianpress.com\/v1\/wp-json\/wp\/v2\/categories?post=54187"},{"taxonomy":"post_tag","embeddable":true,"href":"https:\/\/www.brazilianpress.com\/v1\/wp-json\/wp\/v2\/tags?post=54187"}],"curies":[{"name":"wp","href":"https:\/\/api.w.org\/{rel}","templated":true}]}}