{"id":542,"date":"2013-05-15T23:33:24","date_gmt":"2013-05-16T03:33:24","guid":{"rendered":"http:\/\/www.brazilianpress.com\/v1\/?p=542"},"modified":"2013-05-15T23:33:24","modified_gmt":"2013-05-16T03:33:24","slug":"uniao-europeia-eleva-gastos-em-e-73-bi-no-orcamento-em-2013","status":"publish","type":"post","link":"https:\/\/www.brazilianpress.com\/v1\/2013\/05\/15\/uniao-europeia-eleva-gastos-em-e-73-bi-no-orcamento-em-2013\/","title":{"rendered":"Uni\u00e3o Europeia eleva gastos em \u20ac 7,3 bi no or\u00e7amento em 2013"},"content":{"rendered":"<p><img loading=\"lazy\" class=\"alignright size-medium wp-image-543\" alt=\"uniao europeia\" src=\"http:\/\/www.brazilianpress.com\/v1\/wp-content\/uploads\/2013\/05\/uniao-europeia-300x300.jpg\" width=\"300\" height=\"300\" srcset=\"https:\/\/www.brazilianpress.com\/v1\/wp-content\/uploads\/2013\/05\/uniao-europeia-300x300.jpg 300w, https:\/\/www.brazilianpress.com\/v1\/wp-content\/uploads\/2013\/05\/uniao-europeia-150x150.jpg 150w, https:\/\/www.brazilianpress.com\/v1\/wp-content\/uploads\/2013\/05\/uniao-europeia.jpg 520w\" sizes=\"(max-width: 300px) 100vw, 300px\" \/>Os ministros das Finan\u00e7as da Uni\u00e3o Europeia aprovaram na ter\u00e7a-feira aumento de \u20ac 7,3 bilh\u00f5es nos gastos do bloco para 2013, como parte de um acordo para desbloquear as negocia\u00e7\u00f5es sobre o pr\u00f3ximo or\u00e7amento plurianual da UE.<\/p>\n<p>O dinheiro ser\u00e1 usado para cobrir despesas com projetos de infraestrutura. A eleva\u00e7\u00e3o tamb\u00e9m era pr\u00e9-condi\u00e7\u00e3o para o Parlamento europeu iniciar debates com os governos para finalizar o or\u00e7amento de 2014 a 2020, no valor de cerca de \u20ac 1,0 trilh\u00e3o.<\/p>\n<p>&#8220;Com vista a assegurar o or\u00e7amento plurianual, n\u00f3s aprovamos o aumento de gastos para 2013&#8221;, disse o ministro das Finan\u00e7as da Irlanda, Michael Noonan, que presidiu as negocia\u00e7\u00f5es.<\/p>\n<p>Isso representa aumento de 5,5% no or\u00e7amento original de \u20ac 133 bilh\u00f5es para este ano, elevando a despesa global para \u20ac 140,3 bilh\u00f5es.<\/p>\n<p>Esse n\u00famero pode ser acrescido de cerca de \u20ac 4 bilh\u00f5es. Para isso ocorrer, os governos ainda precisam aceitar a segunda etapa do pedido da Comiss\u00e3o Europeia de eleva\u00e7\u00e3o de gastos total de \u20ac 11,2 bilh\u00f5es.<\/p>\n<p>Na segunda-feira, governos e o Parlamento realizaram suas primeiras negocia\u00e7\u00f5es formais sobre or\u00e7amento 2014-2020.<\/p>\n<p>Autoridades da UE esperam chegar a um acordo sobre o or\u00e7amento bem antes do fim deste ano, para que haja tempo suficiente para adaptar os programas de financiamento do bloco \u00e0s novas regras antes delas entrarem vigor em 2014.<\/p>\n","protected":false},"excerpt":{"rendered":"<p>Os ministros das Finan\u00e7as da Uni\u00e3o Europeia aprovaram na ter\u00e7a-feira aumento de \u20ac 7,3 bilh\u00f5es nos gastos do bloco para 2013, como parte de um acordo para desbloquear as negocia\u00e7\u00f5es sobre o pr\u00f3ximo or\u00e7amento plurianual da UE. O dinheiro ser\u00e1 usado para cobrir despesas com projetos de infraestrutura. A eleva\u00e7\u00e3o tamb\u00e9m era pr\u00e9-condi\u00e7\u00e3o para o Parlamento europeu iniciar debates com os governos para finalizar o or\u00e7amento de 2014 a 2020, no valor de cerca de \u20ac 1,0 trilh\u00e3o. &#8220;Com vista a assegurar o or\u00e7amento plurianual, n\u00f3s aprovamos o aumento de gastos para 2013&#8221;, disse o ministro das Finan\u00e7as da Irlanda, [&hellip;]<\/p>\n","protected":false},"author":1,"featured_media":543,"comment_status":"open","ping_status":"open","sticky":false,"template":"","format":"standard","meta":{"_links_to":"","_links_to_target":""},"categories":[8,1],"tags":[],"views":3238,"_links":{"self":[{"href":"https:\/\/www.brazilianpress.com\/v1\/wp-json\/wp\/v2\/posts\/542"}],"collection":[{"href":"https:\/\/www.brazilianpress.com\/v1\/wp-json\/wp\/v2\/posts"}],"about":[{"href":"https:\/\/www.brazilianpress.com\/v1\/wp-json\/wp\/v2\/types\/post"}],"author":[{"embeddable":true,"href":"https:\/\/www.brazilianpress.com\/v1\/wp-json\/wp\/v2\/users\/1"}],"replies":[{"embeddable":true,"href":"https:\/\/www.brazilianpress.com\/v1\/wp-json\/wp\/v2\/comments?post=542"}],"version-history":[{"count":1,"href":"https:\/\/www.brazilianpress.com\/v1\/wp-json\/wp\/v2\/posts\/542\/revisions"}],"predecessor-version":[{"id":544,"href":"https:\/\/www.brazilianpress.com\/v1\/wp-json\/wp\/v2\/posts\/542\/revisions\/544"}],"wp:featuredmedia":[{"embeddable":true,"href":"https:\/\/www.brazilianpress.com\/v1\/wp-json\/wp\/v2\/media\/543"}],"wp:attachment":[{"href":"https:\/\/www.brazilianpress.com\/v1\/wp-json\/wp\/v2\/media?parent=542"}],"wp:term":[{"taxonomy":"category","embeddable":true,"href":"https:\/\/www.brazilianpress.com\/v1\/wp-json\/wp\/v2\/categories?post=542"},{"taxonomy":"post_tag","embeddable":true,"href":"https:\/\/www.brazilianpress.com\/v1\/wp-json\/wp\/v2\/tags?post=542"}],"curies":[{"name":"wp","href":"https:\/\/api.w.org\/{rel}","templated":true}]}}