{"id":54265,"date":"2023-02-16T18:16:07","date_gmt":"2023-02-16T22:16:07","guid":{"rendered":"https:\/\/www.brazilianpress.com\/v1\/?p=54265"},"modified":"2023-02-16T18:16:07","modified_gmt":"2023-02-16T22:16:07","slug":"video-biden-diz-que-objetos-abatidos-nao-eram-de-ets-mas-nao-sabe-dizer-a-origem-deles","status":"publish","type":"post","link":"https:\/\/www.brazilianpress.com\/v1\/2023\/02\/16\/video-biden-diz-que-objetos-abatidos-nao-eram-de-ets-mas-nao-sabe-dizer-a-origem-deles\/","title":{"rendered":"V\u00cdDEO: Biden diz que objetos abatidos n\u00e3o eram de &#8220;ETs&#8221;, mas n\u00e3o sabe dizer a origem deles"},"content":{"rendered":"<p><strong>O presidente dos Estados Unidos, Joe Biden, finalmente se manifestou sobre os OVNIs (objetos voadores n\u00e3o identificados) que assustaram o mundo na \u00faltima semana. O pol\u00edtico participou de uma coletiva de imprensa, nesta quinta-feira (16), e afirmou que, embora o governo n\u00e3o saiba o que os artefatos voadores s\u00e3o, as autoridades j\u00e1 t\u00eam uma teoria.<\/strong><\/p>\n<p>Apesar das poucas informa\u00e7\u00f5es, o presidente garantiu que n\u00e3o h\u00e1 nenhuma indica\u00e7\u00e3o de que os objetos sejam de origem chinesa. \u201cAinda n\u00e3o sabemos exatamente o que eram esses tr\u00eas objetos, mas nada sugere que eles estivessem relacionados ao programa de bal\u00f5es espi\u00f5es da China ou que fossem ve\u00edculos de vigil\u00e2ncia de qualquer outro pa\u00eds\u201d, disse Biden. \u201cA avalia\u00e7\u00e3o atual da comunidade de intelig\u00eancia \u00e9 que esses tr\u00eas objetos provavelmente eram bal\u00f5es ligados a empresas privadas, recrea\u00e7\u00e3o ou institui\u00e7\u00f5es de pesquisa que estudam o clima ou conduzem outras pesquisas cient\u00edficas\u201d, acrescentou.<\/p>\n<p><img src=\"https:\/\/classic.exame.com\/wp-content\/uploads\/2023\/02\/urn_newsml_afp.com_20230216_e2aa4355-8867-48b4-883c-82b6ee51026c_ipad.jpg\"\/><\/p>\n<p>Os coment\u00e1rios foram as primeiras observa\u00e7\u00f5es formais do presidente sobre os OVNIs que foram abatidos sobre o Canad\u00e1 e os EUA. Segundo reportado pela CNN, Biden enfatizou que n\u00e3o h\u00e1 evid\u00eancias que sugiram \u201cum aumento repentino no n\u00famero de objetos no c\u00e9u\u201d e, embora os artefatos mais recentes pare\u00e7am n\u00e3o oferecer perigo, ele alertou: \u201cSe algum objeto representar uma amea\u00e7a \u00e0 seguran\u00e7a do povo americano, eu o derrubarei\u201d.<\/p>\n<p>O presidente ainda esclareceu que instruiu sua equipe a elaborar \u201cregras mais r\u00edgidas sobre como lidar com esses objetos n\u00e3o identificados no futuro, distinguindo entre aqueles que provavelmente representam riscos de seguran\u00e7a, e aqueles que n\u00e3o exigem\u201d. Esses par\u00e2metros ser\u00e3o classificados e compartilhados com o Congresso quando forem conclu\u00eddos.<\/p>\n<p>Por fim, Biden garantiu que espera falar com o presidente chin\u00eas, Xi Jinping, sobre o assunto, al\u00e9m de manter os aliados informados. \u201cE espero que cheguemos ao fundo disso, mas n\u00e3o pe\u00e7o desculpas por derrubar aquele bal\u00e3o\u201d, concluiu. <strong>Assista:<\/strong><\/p>\n<p><iframe loading=\"lazy\" src=\"https:\/\/share.tmz.com\/videos\/2023-02-16-021623-joe-biden-1567743-081\/\" width=\"700\" height=\"450\" frameBorder=\"0\" allowFullScreen><\/iframe><\/p>\n<p>No in\u00edcio desta semana, a secret\u00e1ria de imprensa da Casa Branca precisou esclarecer algumas d\u00favidas sobre os objetos detectados recentemente no espa\u00e7o a\u00e9reo dos Estados Unidos. Depois de surgirem boatos de que os OVNIs poderiam estar ligados a alien\u00edgenas, Karine Jean-Pierre afirmou que n\u00e3o h\u00e1 \u201cnenhuma indica\u00e7\u00e3o\u201d de atividade extraterrestre. \u201cEu s\u00f3 quero ter certeza de que abordaremos isso. Sei que houve d\u00favidas e preocupa\u00e7\u00f5es, mas n\u00e3o h\u00e1, novamente, nenhuma indica\u00e7\u00e3o de alien\u00edgenas ou atividade extraterrestre com essas recentes quedas\u201d, disse Jean-Pierre aos rep\u00f3rteres no in\u00edcio da entrevista. <strong>Confira:<\/strong><\/p>\n<blockquote class=\"twitter-tweet\" data-width=\"550\" data-dnt=\"true\">\n<p lang=\"en\" dir=\"ltr\">&quot;There is no &#8212; again &#8212; no indication of aliens or other extraterrestrial activity with these recent takedowns&quot; <a href=\"https:\/\/t.co\/xiNOK5n19H\">pic.twitter.com\/xiNOK5n19H<\/a><\/p>\n<p>&mdash; Dave Brown (@dave_brown24) <a href=\"https:\/\/twitter.com\/dave_brown24\/status\/1625199342284939267?ref_src=twsrc%5Etfw\">February 13, 2023<\/a><\/p><\/blockquote>\n<p><script async src=\"https:\/\/platform.twitter.com\/widgets.js\" charset=\"utf-8\"><\/script><\/p>\n<p>Nos \u00faltimos dias, os Estados Unidos e o Canad\u00e1 abateram OVNIs que sobrevoavam ambos os pa\u00edses. O primeiro caso aconteceu no Alasca, nos EUA, na sexta-feira (10). J\u00e1 no s\u00e1bado (11), o Canad\u00e1 contou com a ajuda das For\u00e7as Armadas norte-americanas para abater outro objeto na regi\u00e3o oeste do pa\u00eds. Um epis\u00f3dio similar tamb\u00e9m foi reportado pela China.<\/p>\n","protected":false},"excerpt":{"rendered":"<p>O presidente dos Estados Unidos, Joe Biden, finalmente se manifestou sobre os OVNIs (objetos voadores n\u00e3o identificados) que assustaram o mundo na \u00faltima semana. O pol\u00edtico participou de uma coletiva de imprensa, nesta quinta-feira (16), e afirmou que, embora o governo n\u00e3o saiba o que os artefatos voadores s\u00e3o, as autoridades j\u00e1 t\u00eam uma teoria. Apesar das poucas informa\u00e7\u00f5es, o presidente garantiu que n\u00e3o h\u00e1 nenhuma indica\u00e7\u00e3o de que os objetos sejam de origem chinesa. \u201cAinda n\u00e3o sabemos exatamente o que eram esses tr\u00eas objetos, mas nada sugere que eles estivessem relacionados ao programa de bal\u00f5es espi\u00f5es da China ou [&hellip;]<\/p>\n","protected":false},"author":1,"featured_media":54266,"comment_status":"open","ping_status":"closed","sticky":false,"template":"","format":"standard","meta":{"_links_to":"","_links_to_target":""},"categories":[3,1,10],"tags":[],"views":953,"_links":{"self":[{"href":"https:\/\/www.brazilianpress.com\/v1\/wp-json\/wp\/v2\/posts\/54265"}],"collection":[{"href":"https:\/\/www.brazilianpress.com\/v1\/wp-json\/wp\/v2\/posts"}],"about":[{"href":"https:\/\/www.brazilianpress.com\/v1\/wp-json\/wp\/v2\/types\/post"}],"author":[{"embeddable":true,"href":"https:\/\/www.brazilianpress.com\/v1\/wp-json\/wp\/v2\/users\/1"}],"replies":[{"embeddable":true,"href":"https:\/\/www.brazilianpress.com\/v1\/wp-json\/wp\/v2\/comments?post=54265"}],"version-history":[{"count":1,"href":"https:\/\/www.brazilianpress.com\/v1\/wp-json\/wp\/v2\/posts\/54265\/revisions"}],"predecessor-version":[{"id":54267,"href":"https:\/\/www.brazilianpress.com\/v1\/wp-json\/wp\/v2\/posts\/54265\/revisions\/54267"}],"wp:featuredmedia":[{"embeddable":true,"href":"https:\/\/www.brazilianpress.com\/v1\/wp-json\/wp\/v2\/media\/54266"}],"wp:attachment":[{"href":"https:\/\/www.brazilianpress.com\/v1\/wp-json\/wp\/v2\/media?parent=54265"}],"wp:term":[{"taxonomy":"category","embeddable":true,"href":"https:\/\/www.brazilianpress.com\/v1\/wp-json\/wp\/v2\/categories?post=54265"},{"taxonomy":"post_tag","embeddable":true,"href":"https:\/\/www.brazilianpress.com\/v1\/wp-json\/wp\/v2\/tags?post=54265"}],"curies":[{"name":"wp","href":"https:\/\/api.w.org\/{rel}","templated":true}]}}