{"id":54277,"date":"2023-02-17T08:57:30","date_gmt":"2023-02-17T12:57:30","guid":{"rendered":"https:\/\/www.brazilianpress.com\/v1\/?p=54277"},"modified":"2023-02-17T08:57:30","modified_gmt":"2023-02-17T12:57:30","slug":"social-press-17-02-2023","status":"publish","type":"post","link":"https:\/\/www.brazilianpress.com\/v1\/2023\/02\/17\/social-press-17-02-2023\/","title":{"rendered":"Social Press . 17\/02\/2023"},"content":{"rendered":"<p><em><strong>O guerreiro e milagre de Deus Ben\u00edcio, completou 1 ano de vida com muita sa\u00fade para a alegria dos pais Heber Junior e Bruna. Parab\u00e9ns!.<\/strong><\/em><\/p>\n<p><em><strong><img loading=\"lazy\" class=\"alignnone  wp-image-54271\" src=\"https:\/\/www.brazilianpress.com\/v1\/wp-content\/uploads\/2023\/02\/Foto-2-Cristine-Silvino.jpg\" alt=\"\" width=\"384\" height=\"444\" srcset=\"https:\/\/www.brazilianpress.com\/v1\/wp-content\/uploads\/2023\/02\/Foto-2-Cristine-Silvino.jpg 700w, https:\/\/www.brazilianpress.com\/v1\/wp-content\/uploads\/2023\/02\/Foto-2-Cristine-Silvino-259x300.jpg 259w\" sizes=\"(max-width: 384px) 100vw, 384px\" \/><br \/>\nCristine Silvino (Del\u00edcias de Minas) comemora seu niver neste m\u00eas de Fevereiro. Parab\u00e9ns e muitas felicidades!<\/strong><\/em><\/p>\n<p><em><strong><img loading=\"lazy\" class=\"alignnone size-full wp-image-54272\" src=\"https:\/\/www.brazilianpress.com\/v1\/wp-content\/uploads\/2023\/02\/Foto-3-Shout-out-and-congratulations-to-DJ.jpg\" alt=\"\" width=\"700\" height=\"467\" srcset=\"https:\/\/www.brazilianpress.com\/v1\/wp-content\/uploads\/2023\/02\/Foto-3-Shout-out-and-congratulations-to-DJ.jpg 700w, https:\/\/www.brazilianpress.com\/v1\/wp-content\/uploads\/2023\/02\/Foto-3-Shout-out-and-congratulations-to-DJ-300x200.jpg 300w\" sizes=\"(max-width: 700px) 100vw, 700px\" \/><br \/>\nShout out and congratulations to DJ, Newark Arts Board President and Cultural Activist Marcy De Pina who performed the night and looked stunning next to photographer Rymo during Newark Museum&#8217;s Afro Gala Celebration last weekend.<\/strong><\/em><\/p>\n<p><em><strong><img loading=\"lazy\" class=\"alignnone size-full wp-image-54273\" src=\"https:\/\/www.brazilianpress.com\/v1\/wp-content\/uploads\/2023\/02\/Foto-4-Jose-Moreira-como-sempre.jpg\" alt=\"\" width=\"700\" height=\"513\" srcset=\"https:\/\/www.brazilianpress.com\/v1\/wp-content\/uploads\/2023\/02\/Foto-4-Jose-Moreira-como-sempre.jpg 700w, https:\/\/www.brazilianpress.com\/v1\/wp-content\/uploads\/2023\/02\/Foto-4-Jose-Moreira-como-sempre-300x220.jpg 300w\" sizes=\"(max-width: 700px) 100vw, 700px\" \/><br \/>\nJos\u00e9 Moreira como sempre foi surpreendido pelos funcion\u00e1rios para comemorar seu niver. Parab\u00e9ns!<\/strong><\/em><\/p>\n<p><em><strong><img loading=\"lazy\" class=\"alignnone size-full wp-image-54270\" src=\"https:\/\/www.brazilianpress.com\/v1\/wp-content\/uploads\/2023\/02\/Foto-1-O-guerreiro-e-milagre-de-Deus-Benicio.jpg\" alt=\"\" width=\"700\" height=\"438\" srcset=\"https:\/\/www.brazilianpress.com\/v1\/wp-content\/uploads\/2023\/02\/Foto-1-O-guerreiro-e-milagre-de-Deus-Benicio.jpg 700w, https:\/\/www.brazilianpress.com\/v1\/wp-content\/uploads\/2023\/02\/Foto-1-O-guerreiro-e-milagre-de-Deus-Benicio-300x188.jpg 300w\" sizes=\"(max-width: 700px) 100vw, 700px\" \/><br \/>\nA princesinha Sophia soprou as velinhas ao lado dos pais Fabio Guerra , Marilia e Ketlyn no Brazilian Grill. Happy birthday Sophia!<\/strong><\/em><\/p>\n<p><em><strong><img loading=\"lazy\" class=\"alignnone  wp-image-54275\" src=\"https:\/\/www.brazilianpress.com\/v1\/wp-content\/uploads\/2023\/02\/Foto-6-Finalmente-o-tao-esperado-21.jpg\" alt=\"\" width=\"459\" height=\"327\" srcset=\"https:\/\/www.brazilianpress.com\/v1\/wp-content\/uploads\/2023\/02\/Foto-6-Finalmente-o-tao-esperado-21.jpg 700w, https:\/\/www.brazilianpress.com\/v1\/wp-content\/uploads\/2023\/02\/Foto-6-Finalmente-o-tao-esperado-21-300x213.jpg 300w\" sizes=\"(max-width: 459px) 100vw, 459px\" \/><br \/>\nFinalmente o t\u00e3o esperado 21 chegou, Parab\u00e9ns Davi, curta muito este momento com muita anima\u00e7\u00e3o e juizo. Parab\u00e9ns!<\/strong><\/em><\/p>\n<p><em><strong><img loading=\"lazy\" class=\"alignnone size-full wp-image-54276\" src=\"https:\/\/www.brazilianpress.com\/v1\/wp-content\/uploads\/2023\/02\/Foto-7-A-Equipe-Casa-Nova-Adams.jpg\" alt=\"\" width=\"700\" height=\"502\" srcset=\"https:\/\/www.brazilianpress.com\/v1\/wp-content\/uploads\/2023\/02\/Foto-7-A-Equipe-Casa-Nova-Adams.jpg 700w, https:\/\/www.brazilianpress.com\/v1\/wp-content\/uploads\/2023\/02\/Foto-7-A-Equipe-Casa-Nova-Adams-300x215.jpg 300w\" sizes=\"(max-width: 700px) 100vw, 700px\" \/><br \/>\nA Equipe Casa Nova Adams estava preparada para receber os casais para um jantar romantico no Valentine\u2019s Days , Valeu!<\/strong><\/em><\/p>\n<p><em><strong><img loading=\"lazy\" class=\"alignnone size-full wp-image-54269\" src=\"https:\/\/www.brazilianpress.com\/v1\/wp-content\/uploads\/2023\/02\/Foto-8-Parabens-ao-mais-novo-casal-Marcia-Lopes.jpg\" alt=\"\" width=\"700\" height=\"496\" srcset=\"https:\/\/www.brazilianpress.com\/v1\/wp-content\/uploads\/2023\/02\/Foto-8-Parabens-ao-mais-novo-casal-Marcia-Lopes.jpg 700w, https:\/\/www.brazilianpress.com\/v1\/wp-content\/uploads\/2023\/02\/Foto-8-Parabens-ao-mais-novo-casal-Marcia-Lopes-300x213.jpg 300w\" sizes=\"(max-width: 700px) 100vw, 700px\" \/><br \/>\nParab\u00e9ns ao mais novo casal Marcia Lopes e John Hughes, Just married, Congratulations!<\/strong><\/em><\/p>\n<p><em><strong><img loading=\"lazy\" class=\"alignnone size-full wp-image-54278\" src=\"https:\/\/www.brazilianpress.com\/v1\/wp-content\/uploads\/2023\/02\/17B.jpg\" alt=\"\" width=\"400\" height=\"552\" srcset=\"https:\/\/www.brazilianpress.com\/v1\/wp-content\/uploads\/2023\/02\/17B.jpg 400w, https:\/\/www.brazilianpress.com\/v1\/wp-content\/uploads\/2023\/02\/17B-217x300.jpg 217w\" sizes=\"(max-width: 400px) 100vw, 400px\" \/><br \/>\nNosso amigo paranaense Ricardo Lara compareceu ao grande show do Roupa Nova promovido pelo grupo Medallion Casa Nova no \u00faltimo s\u00e1bado em Newark e teve a oportunidade de clicar os m\u00fasicos.<\/strong><\/em><\/p>\n<p><em><strong><img loading=\"lazy\" class=\"alignnone size-full wp-image-54279\" src=\"https:\/\/www.brazilianpress.com\/v1\/wp-content\/uploads\/2023\/02\/17.jpg\" alt=\"\" width=\"400\" height=\"510\" srcset=\"https:\/\/www.brazilianpress.com\/v1\/wp-content\/uploads\/2023\/02\/17.jpg 400w, https:\/\/www.brazilianpress.com\/v1\/wp-content\/uploads\/2023\/02\/17-235x300.jpg 235w\" sizes=\"(max-width: 400px) 100vw, 400px\" \/><br \/>\nA bela, super alto-astral e sempre bem disposta Deiselu Guido aproveitou r\u00e1pidas f\u00e9rias merecidas pelos encantos da Florida, onde viveu momentos m\u00e1gicos ao lado de personagens \u00edcones da Disney.<\/strong><\/em><\/p>\n<p><em><strong><img loading=\"lazy\" class=\"alignnone size-full wp-image-54280\" src=\"https:\/\/www.brazilianpress.com\/v1\/wp-content\/uploads\/2023\/02\/17A.jpg\" alt=\"\" width=\"400\" height=\"439\" srcset=\"https:\/\/www.brazilianpress.com\/v1\/wp-content\/uploads\/2023\/02\/17A.jpg 400w, https:\/\/www.brazilianpress.com\/v1\/wp-content\/uploads\/2023\/02\/17A-273x300.jpg 273w\" sizes=\"(max-width: 400px) 100vw, 400px\" \/><br \/>\nO belo casal Dany e Bruno Bezerra, nos holofotes do sucesso, mostrando o charme brasileiro durante a noite de nostalgia e romance promovida pelo grupo Roupa Nova no Robert Treat Hotel em Newark<\/strong><\/em><\/p>\n","protected":false},"excerpt":{"rendered":"<p>O guerreiro e milagre de Deus Ben\u00edcio, completou 1 ano de vida com muita sa\u00fade para a alegria dos pais Heber Junior e Bruna. Parab\u00e9ns!. Cristine Silvino (Del\u00edcias de Minas) comemora seu niver neste m\u00eas de Fevereiro. Parab\u00e9ns e muitas felicidades! Shout out and congratulations to DJ, Newark Arts Board President and Cultural Activist Marcy De Pina who performed the night and looked stunning next to photographer Rymo during Newark Museum&#8217;s Afro Gala Celebration last weekend. Jos\u00e9 Moreira como sempre foi surpreendido pelos funcion\u00e1rios para comemorar seu niver. Parab\u00e9ns! A princesinha Sophia soprou as velinhas ao lado dos pais Fabio [&hellip;]<\/p>\n","protected":false},"author":1,"featured_media":54270,"comment_status":"open","ping_status":"closed","sticky":false,"template":"","format":"standard","meta":{"_links_to":"","_links_to_target":""},"categories":[3,1,6],"tags":[],"views":1530,"_links":{"self":[{"href":"https:\/\/www.brazilianpress.com\/v1\/wp-json\/wp\/v2\/posts\/54277"}],"collection":[{"href":"https:\/\/www.brazilianpress.com\/v1\/wp-json\/wp\/v2\/posts"}],"about":[{"href":"https:\/\/www.brazilianpress.com\/v1\/wp-json\/wp\/v2\/types\/post"}],"author":[{"embeddable":true,"href":"https:\/\/www.brazilianpress.com\/v1\/wp-json\/wp\/v2\/users\/1"}],"replies":[{"embeddable":true,"href":"https:\/\/www.brazilianpress.com\/v1\/wp-json\/wp\/v2\/comments?post=54277"}],"version-history":[{"count":1,"href":"https:\/\/www.brazilianpress.com\/v1\/wp-json\/wp\/v2\/posts\/54277\/revisions"}],"predecessor-version":[{"id":54281,"href":"https:\/\/www.brazilianpress.com\/v1\/wp-json\/wp\/v2\/posts\/54277\/revisions\/54281"}],"wp:featuredmedia":[{"embeddable":true,"href":"https:\/\/www.brazilianpress.com\/v1\/wp-json\/wp\/v2\/media\/54270"}],"wp:attachment":[{"href":"https:\/\/www.brazilianpress.com\/v1\/wp-json\/wp\/v2\/media?parent=54277"}],"wp:term":[{"taxonomy":"category","embeddable":true,"href":"https:\/\/www.brazilianpress.com\/v1\/wp-json\/wp\/v2\/categories?post=54277"},{"taxonomy":"post_tag","embeddable":true,"href":"https:\/\/www.brazilianpress.com\/v1\/wp-json\/wp\/v2\/tags?post=54277"}],"curies":[{"name":"wp","href":"https:\/\/api.w.org\/{rel}","templated":true}]}}