{"id":54288,"date":"2023-02-17T12:25:05","date_gmt":"2023-02-17T16:25:05","guid":{"rendered":"https:\/\/www.brazilianpress.com\/v1\/?p=54288"},"modified":"2023-02-17T13:00:43","modified_gmt":"2023-02-17T17:00:43","slug":"lea-campos-mundial-2026","status":"publish","type":"post","link":"https:\/\/www.brazilianpress.com\/v1\/2023\/02\/17\/lea-campos-mundial-2026\/","title":{"rendered":"L\u00e9a Campos: Mundial 2026"},"content":{"rendered":"<p><strong>Nem bem terminou o Mundial do Catar, a FIFA j\u00e1 est\u00e1 organizando o de 2026. A pr\u00f3xima competi\u00e7\u00e3o contar\u00e1 com 48 pa\u00edses, atualmente s\u00e3o 32. N\u00e3o entendo por que a FIFA menciona 6 continentes quando todos sabemos que s\u00e3o 5: Europa, \u00c1sia, \u00c1frica, Oceania e as Am\u00e9ricas do Sul, do Norte e Central.<\/strong><\/p>\n<p>Os Estados Unidos querem criar um continente individual, teriam que mudar a nomenclatura divis\u00e3o mundial do Mapa para se transformar em outro continente. Por mais rico que seja, nenhum pa\u00eds tem esse poder. O meu Mundial de 2026 ser\u00e1 jogado em tr\u00eas pa\u00edses: Estados Unidos, Canad\u00e1 e M\u00e9xico, o que proporciona um desgaste maior para jogadores, dirigentes e torcedores. Para os torcedores, o desgaste al\u00e9m de f\u00edsico, ser\u00e1 financeiro tamb\u00e9m. \u00c1sia e \u00c1frica foram os pa\u00edses mais beneficiados com as mudan\u00e7as feitas pela FIFA.<\/p>\n<p>COMO A ENTIDADE DIVIDIU A PARTICIPA\u00c7\u00c3O: Europa contar\u00e1 com 16 vagas. Eram 13. Am\u00e9rica do Sul que tinha 5, agora ter\u00e1 7, igualando com Am\u00e9rica do Norte e Central. \u00c1frica tem 9 garantidas, mas poder\u00e1 ter 10 se vencer a repescagem. A \u00c1sia tem 8 classificadas e tamb\u00e9m poder\u00e1 aumentar com a repescagem, fechando a distribui\u00e7\u00e3o da FIFA. A Oceania tem apenas um vaga. Canad\u00e1, M\u00e9xico e Estados Unidos por serem pa\u00edses sede j\u00e1 t\u00eam suas vagas garantidas.<\/p>\n<p>A entidade que organiza os Mundiais de sele\u00e7\u00f5es, estuda a oportunidade de colocar na repescagem um pa\u00eds de cada continente, mas est\u00e1 avaliando se \u00e9 poss\u00edvel, vamos aguardar. Assim sendo as vagas foram confirmadas da seguinte forma: Europa (UEFA) 16 vagas, \u00c1frica (CAF) 9 e uma repescagem, \u00c1sia (AFC) 8 vagas e uma repescagem, Am\u00e9rica do Sul (CONMEBOL) 6 vagas e uma repescagem, Am\u00e9ricas do Norte e Central (CONCAF) 6 mais uma repescagem e Oceania (OFC) uma vaga. Agora \u00e9 juntar \u201cgrana\u201d para ir ao M\u00e9xico, Canad\u00e1 e Estados Unidos, e torcer por suas cores com o amor p\u00e1trio sempre.<\/p>\n","protected":false},"excerpt":{"rendered":"<p>Nem bem terminou o Mundial do Catar, a FIFA j\u00e1 est\u00e1 organizando o de 2026. A pr\u00f3xima competi\u00e7\u00e3o contar\u00e1 com 48 pa\u00edses, atualmente s\u00e3o 32. N\u00e3o entendo por que a FIFA menciona 6 continentes quando todos sabemos que s\u00e3o 5: Europa, \u00c1sia, \u00c1frica, Oceania e as Am\u00e9ricas do Sul, do Norte e Central. Os Estados Unidos querem criar um continente individual, teriam que mudar a nomenclatura divis\u00e3o mundial do Mapa para se transformar em outro continente. Por mais rico que seja, nenhum pa\u00eds tem esse poder. O meu Mundial de 2026 ser\u00e1 jogado em tr\u00eas pa\u00edses: Estados Unidos, Canad\u00e1 e [&hellip;]<\/p>\n","protected":false},"author":1,"featured_media":54289,"comment_status":"open","ping_status":"closed","sticky":false,"template":"","format":"standard","meta":{"_links_to":"","_links_to_target":""},"categories":[15,1],"tags":[],"views":5231,"_links":{"self":[{"href":"https:\/\/www.brazilianpress.com\/v1\/wp-json\/wp\/v2\/posts\/54288"}],"collection":[{"href":"https:\/\/www.brazilianpress.com\/v1\/wp-json\/wp\/v2\/posts"}],"about":[{"href":"https:\/\/www.brazilianpress.com\/v1\/wp-json\/wp\/v2\/types\/post"}],"author":[{"embeddable":true,"href":"https:\/\/www.brazilianpress.com\/v1\/wp-json\/wp\/v2\/users\/1"}],"replies":[{"embeddable":true,"href":"https:\/\/www.brazilianpress.com\/v1\/wp-json\/wp\/v2\/comments?post=54288"}],"version-history":[{"count":1,"href":"https:\/\/www.brazilianpress.com\/v1\/wp-json\/wp\/v2\/posts\/54288\/revisions"}],"predecessor-version":[{"id":54290,"href":"https:\/\/www.brazilianpress.com\/v1\/wp-json\/wp\/v2\/posts\/54288\/revisions\/54290"}],"wp:featuredmedia":[{"embeddable":true,"href":"https:\/\/www.brazilianpress.com\/v1\/wp-json\/wp\/v2\/media\/54289"}],"wp:attachment":[{"href":"https:\/\/www.brazilianpress.com\/v1\/wp-json\/wp\/v2\/media?parent=54288"}],"wp:term":[{"taxonomy":"category","embeddable":true,"href":"https:\/\/www.brazilianpress.com\/v1\/wp-json\/wp\/v2\/categories?post=54288"},{"taxonomy":"post_tag","embeddable":true,"href":"https:\/\/www.brazilianpress.com\/v1\/wp-json\/wp\/v2\/tags?post=54288"}],"curies":[{"name":"wp","href":"https:\/\/api.w.org\/{rel}","templated":true}]}}