{"id":54315,"date":"2023-02-18T11:00:45","date_gmt":"2023-02-18T15:00:45","guid":{"rendered":"https:\/\/www.brazilianpress.com\/v1\/?p=54315"},"modified":"2023-02-18T11:00:45","modified_gmt":"2023-02-18T15:00:45","slug":"cruzeiro-anuncia-matheus-jussa-contratado-por-emprestimo-ate-o-fim-da-temporada","status":"publish","type":"post","link":"https:\/\/www.brazilianpress.com\/v1\/2023\/02\/18\/cruzeiro-anuncia-matheus-jussa-contratado-por-emprestimo-ate-o-fim-da-temporada\/","title":{"rendered":"Cruzeiro anuncia Matheus Jussa, contratado por empr\u00e9stimo at\u00e9 o fim da temporada"},"content":{"rendered":"<p><strong>O\u00a0Cruzeiro\u00a0anunciou o volante Matheus Jussa como nova contrata\u00e7\u00e3o para a temporada de 2023. O joagador, de 26 anos, chega por empr\u00e9stimo at\u00e9 o fim do ano. Matheus pertence ao Fortaleza e estava emprestado ao Qatar SC.<\/strong><\/p>\n<p>Jussa \u00e9 um jogador polivalente e pode fazer duas fun\u00e7\u00f5es escassas no atual elenco de Paulo Pezzolano: primeiro volante e lateral-esquerdo. Essa situa\u00e7\u00e3o tamb\u00e9m contou como favor\u00e1vel em rela\u00e7\u00e3o ao interesse do clube celeste pelo atleta. No cl\u00e1ssico contra o Atl\u00e9tico-MG, na segunda-feira, o jogador esteve com os companheiros no vesti\u00e1rio e assistiu ao jogo ao lado de Mateus Vital, lesionado.<\/p>\n<p>No Internacional, com Coudet (hoje t\u00e9cnico do Atl\u00e9tico-MG), ele tamb\u00e9m atuou como zagueiro. O grupo do\u00a0Cruzeiro, neste momento, conta com Brock e Reynaldo como op\u00e7\u00f5es de zagueiros canhotos.<\/p>\n<p>O jogador completa 27 anos em mar\u00e7o e passou pela Portuguesa e pelo Vasco nas categorias de base. Como profissional, ele atuou tamb\u00e9m na Lusa, assim como em S\u00e3o Bernardo, Botafogo-SP e Oeste. O clube pelo qual mais entrou em campo foi exatamente o Fortaleza, com 80 jogos entre 2021 e 2022, antes de ir ao Qatar SC.<\/p>\n","protected":false},"excerpt":{"rendered":"<p>O\u00a0Cruzeiro\u00a0anunciou o volante Matheus Jussa como nova contrata\u00e7\u00e3o para a temporada de 2023. O joagador, de 26 anos, chega por empr\u00e9stimo at\u00e9 o fim do ano. Matheus pertence ao Fortaleza e estava emprestado ao Qatar SC. Jussa \u00e9 um jogador polivalente e pode fazer duas fun\u00e7\u00f5es escassas no atual elenco de Paulo Pezzolano: primeiro volante e lateral-esquerdo. Essa situa\u00e7\u00e3o tamb\u00e9m contou como favor\u00e1vel em rela\u00e7\u00e3o ao interesse do clube celeste pelo atleta. No cl\u00e1ssico contra o Atl\u00e9tico-MG, na segunda-feira, o jogador esteve com os companheiros no vesti\u00e1rio e assistiu ao jogo ao lado de Mateus Vital, lesionado. No Internacional, com [&hellip;]<\/p>\n","protected":false},"author":1,"featured_media":54316,"comment_status":"open","ping_status":"closed","sticky":false,"template":"","format":"standard","meta":{"_links_to":"","_links_to_target":""},"categories":[9,1],"tags":[],"views":994,"_links":{"self":[{"href":"https:\/\/www.brazilianpress.com\/v1\/wp-json\/wp\/v2\/posts\/54315"}],"collection":[{"href":"https:\/\/www.brazilianpress.com\/v1\/wp-json\/wp\/v2\/posts"}],"about":[{"href":"https:\/\/www.brazilianpress.com\/v1\/wp-json\/wp\/v2\/types\/post"}],"author":[{"embeddable":true,"href":"https:\/\/www.brazilianpress.com\/v1\/wp-json\/wp\/v2\/users\/1"}],"replies":[{"embeddable":true,"href":"https:\/\/www.brazilianpress.com\/v1\/wp-json\/wp\/v2\/comments?post=54315"}],"version-history":[{"count":1,"href":"https:\/\/www.brazilianpress.com\/v1\/wp-json\/wp\/v2\/posts\/54315\/revisions"}],"predecessor-version":[{"id":54317,"href":"https:\/\/www.brazilianpress.com\/v1\/wp-json\/wp\/v2\/posts\/54315\/revisions\/54317"}],"wp:featuredmedia":[{"embeddable":true,"href":"https:\/\/www.brazilianpress.com\/v1\/wp-json\/wp\/v2\/media\/54316"}],"wp:attachment":[{"href":"https:\/\/www.brazilianpress.com\/v1\/wp-json\/wp\/v2\/media?parent=54315"}],"wp:term":[{"taxonomy":"category","embeddable":true,"href":"https:\/\/www.brazilianpress.com\/v1\/wp-json\/wp\/v2\/categories?post=54315"},{"taxonomy":"post_tag","embeddable":true,"href":"https:\/\/www.brazilianpress.com\/v1\/wp-json\/wp\/v2\/tags?post=54315"}],"curies":[{"name":"wp","href":"https:\/\/api.w.org\/{rel}","templated":true}]}}