{"id":54318,"date":"2023-02-18T11:02:58","date_gmt":"2023-02-18T15:02:58","guid":{"rendered":"https:\/\/www.brazilianpress.com\/v1\/?p=54318"},"modified":"2023-02-18T11:02:58","modified_gmt":"2023-02-18T15:02:58","slug":"numero-de-imigrantes-brasileiros-em-portugal-que-pedem-ajuda-para-regressar-ao-brasil-aumenta","status":"publish","type":"post","link":"https:\/\/www.brazilianpress.com\/v1\/2023\/02\/18\/numero-de-imigrantes-brasileiros-em-portugal-que-pedem-ajuda-para-regressar-ao-brasil-aumenta\/","title":{"rendered":"N\u00famero de imigrantes brasileiros em Portugal que pedem ajuda para regressar ao Brasil aumenta"},"content":{"rendered":"<p><strong>O n\u00famero de brasileiros em Portugal que pediram ajuda para regressar ao Brasil em 2022 quase quadruplicou em compara\u00e7\u00e3o ao ano de 2021. Desemprego, dificuldade de acesso ao mercado de trabalho, situa\u00e7\u00e3o irregular, falta de prepara\u00e7\u00e3o no processo migrat\u00f3rio e custo de vida mais elevado no pa\u00eds europeu s\u00e3o os principais fatores para este cen\u00e1rio.<\/strong><\/p>\n<p>O Programa de Apoio ao Retorno Volunt\u00e1rio e \u00e0 Reintegra\u00e7\u00e3o da Organiza\u00e7\u00e3o Internacional para as Migra\u00e7\u00f5es (OIM) viu o n\u00famero de pedidos de ajuda subir nos \u00faltimos meses em Portugal. Tendo por base os dados de 2022, inscreveram-se, em m\u00e9dia, cerca de 80 pessoas por m\u00eas no programa da OIM. De todos os que procuram apoio, 92% s\u00e3o brasileiros em situa\u00e7\u00e3o de extrema vulnerabilidade.<\/p>\n<p>Em entrevista \u00e0 RFI, Vasco Malta, chefe de Miss\u00e3o da OIM em Portugal, explica que a situa\u00e7\u00e3o \u00e9 preocupante e uma das raz\u00f5es para este cen\u00e1rio alarmante \u00e9 a pouca informa\u00e7\u00e3o sobre a realidade portuguesa, al\u00e9m de um planejamento deficiente antes de deixar o pa\u00eds de origem. \u201cEste fluxo mais recente mostra uma falta de prepara\u00e7\u00e3o e informa\u00e7\u00e3o insuficiente neste processo, que acaba por conduzir a situa\u00e7\u00f5es verdadeiramente complexas do ponto de vista social em Portugal&#8221;, aponta o chefe da OIM no pa\u00eds.<\/p>\n<p>O aumento significativo de pedidos de ajuda mostra uma situa\u00e7\u00e3o ca\u00f3tica parecida com a vivida em 2020, ano da eclos\u00e3o da pandemia da Covid-19. \u201cNo geral, registrou-se um aumento de n\u00famero de pedidos de apoio de 2021 para 2022. Falamos de 288 casos em 2021 para 1.051 em 2022&#8243;, contabiliza Malta. Ele aponta ainda que 113 retornaram ao Brasil com a ajuda do dispositivo em 2021, contra 394 em 2022.<\/p>\n","protected":false},"excerpt":{"rendered":"<p>O n\u00famero de brasileiros em Portugal que pediram ajuda para regressar ao Brasil em 2022 quase quadruplicou em compara\u00e7\u00e3o ao ano de 2021. Desemprego, dificuldade de acesso ao mercado de trabalho, situa\u00e7\u00e3o irregular, falta de prepara\u00e7\u00e3o no processo migrat\u00f3rio e custo de vida mais elevado no pa\u00eds europeu s\u00e3o os principais fatores para este cen\u00e1rio. O Programa de Apoio ao Retorno Volunt\u00e1rio e \u00e0 Reintegra\u00e7\u00e3o da Organiza\u00e7\u00e3o Internacional para as Migra\u00e7\u00f5es (OIM) viu o n\u00famero de pedidos de ajuda subir nos \u00faltimos meses em Portugal. Tendo por base os dados de 2022, inscreveram-se, em m\u00e9dia, cerca de 80 pessoas por [&hellip;]<\/p>\n","protected":false},"author":1,"featured_media":54319,"comment_status":"open","ping_status":"closed","sticky":false,"template":"","format":"standard","meta":{"_links_to":"","_links_to_target":""},"categories":[3,8,1],"tags":[],"views":802,"_links":{"self":[{"href":"https:\/\/www.brazilianpress.com\/v1\/wp-json\/wp\/v2\/posts\/54318"}],"collection":[{"href":"https:\/\/www.brazilianpress.com\/v1\/wp-json\/wp\/v2\/posts"}],"about":[{"href":"https:\/\/www.brazilianpress.com\/v1\/wp-json\/wp\/v2\/types\/post"}],"author":[{"embeddable":true,"href":"https:\/\/www.brazilianpress.com\/v1\/wp-json\/wp\/v2\/users\/1"}],"replies":[{"embeddable":true,"href":"https:\/\/www.brazilianpress.com\/v1\/wp-json\/wp\/v2\/comments?post=54318"}],"version-history":[{"count":1,"href":"https:\/\/www.brazilianpress.com\/v1\/wp-json\/wp\/v2\/posts\/54318\/revisions"}],"predecessor-version":[{"id":54320,"href":"https:\/\/www.brazilianpress.com\/v1\/wp-json\/wp\/v2\/posts\/54318\/revisions\/54320"}],"wp:featuredmedia":[{"embeddable":true,"href":"https:\/\/www.brazilianpress.com\/v1\/wp-json\/wp\/v2\/media\/54319"}],"wp:attachment":[{"href":"https:\/\/www.brazilianpress.com\/v1\/wp-json\/wp\/v2\/media?parent=54318"}],"wp:term":[{"taxonomy":"category","embeddable":true,"href":"https:\/\/www.brazilianpress.com\/v1\/wp-json\/wp\/v2\/categories?post=54318"},{"taxonomy":"post_tag","embeddable":true,"href":"https:\/\/www.brazilianpress.com\/v1\/wp-json\/wp\/v2\/tags?post=54318"}],"curies":[{"name":"wp","href":"https:\/\/api.w.org\/{rel}","templated":true}]}}