{"id":54324,"date":"2023-02-18T11:46:54","date_gmt":"2023-02-18T15:46:54","guid":{"rendered":"https:\/\/www.brazilianpress.com\/v1\/?p=54324"},"modified":"2023-02-18T11:46:54","modified_gmt":"2023-02-18T15:46:54","slug":"estudante-se-suicida-em-bayville-nj-por-sofrer-bullying-na-escola","status":"publish","type":"post","link":"https:\/\/www.brazilianpress.com\/v1\/2023\/02\/18\/estudante-se-suicida-em-bayville-nj-por-sofrer-bullying-na-escola\/","title":{"rendered":"Estudante se suicida em Bayville, NJ, por sofrer bullying na escola"},"content":{"rendered":"<p><strong>Quatro alunas foram expulsas da escola por envolvimento com um ataque no corredor de uma escola a uma garota de 14 anos em Bayville, NJ,\u00a0que tirou a pr\u00f3pria vida 48 horas depois que um v\u00eddeo do bullying apareceu online, foram suspensos indefinidamente, informou o superintendente distrital confirmou na quinta-feira, embora ainda n\u00e3o houvesse atualiza\u00e7\u00e3o do Minist\u00e9rio P\u00fablico sobre poss\u00edveis acusa\u00e7\u00f5es criminais.<\/strong><\/p>\n<p>Michael Kuch, pai de Adriana Olivia Kuch, disse h\u00e1 um dia que os promotores do Condado de Ocean disseram a ele que pelo menos tr\u00eas das meninas enfrentam acusa\u00e7\u00f5es criminais no ataque a sua filha na Central Regional High School, em Berkeley Township.\u00a0Mas n\u00e3o houve atualiza\u00e7\u00f5es dos promotores locais sobre o caso na tarde de quinta-feira.<\/p>\n<p>A suspens\u00e3o das quatro meninas supostamente envolvidas durar\u00e1 at\u00e9 que o processo legal se desenrole, disseram autoridades distritais.<\/p>\n<p>Membros da fam\u00edlia encontraram Adriana Olivia Kuch, uma estudante de olhos brilhantes da Central Regional High, morta por suic\u00eddio em sua casa em Bayville em 3 de fevereiro. Dois dias antes, um v\u00eddeo postado nas redes sociais mostrava v\u00e1rios estudantes atacando brutalmente Kuch enquanto ela caminhava com o namorado. por um corredor da escola. A filmagem em si tem menos de um minuto de dura\u00e7\u00e3o.<\/p>\n<p>De acordo com o NJ.com, mostra a menina de 14 anos andando pelo corredor quando um aluno se aproxima e come\u00e7a a bater no rosto dela com uma garrafa de \u00e1gua.\u00a0Adriana Kuch cai no ch\u00e3o, onde a outra garota a ataca continuamente.\u00a0Aplausos s\u00e3o ouvidos fora das c\u00e2meras, de acordo com o site.\u00a0Dois funcion\u00e1rios da escola interrompem o ataque cerca de 30 segundos depois.\u00a0A essa altura, relata o jornal, Adriana Kuch j\u00e1 est\u00e1 ensanguentada e machucada no ch\u00e3o de sua escola.<\/p>\n<p>Embora as autoridades n\u00e3o tenham vinculado publicamente a divulga\u00e7\u00e3o do v\u00eddeo do ataque \u00e0 morte de Kuch, seu pai Michael o fez.\u00a0Ele diz acreditar que o bullying levou sua filha ao suic\u00eddio e eviscerou a escola por n\u00e3o ter chamado a pol\u00edcia ap\u00f3s o ataque, embora diga que Adriana desmaiou e teve hematomas graves.\u00a0A enfermeira da escola era insuficiente, diz ele.<\/p>\n<p>O superintendente distrital Triantafillos Parlapanides disse que a resposta estava de acordo com a pol\u00edtica escolar. O pai da menina diz que a pol\u00edtica \u00e9 terrivelmente inadequada e apresentou um boletim de ocorr\u00eancia \u00e0 pol\u00edcia.<\/p>\n<p>Michael Kuch divulgou suas pr\u00f3prias postagens nas redes sociais, dizendo que levou Adriana Kuch \u00e0 pol\u00edcia logo ap\u00f3s o incidente.\u00a0Se a escola tivesse iniciado uma investiga\u00e7\u00e3o naquela \u00e9poca, ele diz, acredita que os v\u00eddeos poderiam ter sido descobertos e removidos antes, potencialmente poupando sua filha da mortifica\u00e7\u00e3o que ele diz ter lhe custado a vida.<\/p>\n<p>\u201cQuero que o mundo inteiro saiba o que esses animais fizeram com minha filha\u201d, disse Michael Kuch.<\/p>\n<p>A rea\u00e7\u00e3o foi t\u00e3o intensa\u00a0na quarta-feira que mais de 200 alunos protestaram durante o dia escolar, matando aula para chamar a aten\u00e7\u00e3o para um suposto padr\u00e3o de bullying que eles dizem que seu distrito est\u00e1 ignorando.<\/p>\n<p>&#8220;Adriana tirou a pr\u00f3pria vida porque ningu\u00e9m na escola poderia ajudar, cuidar ou intervir&#8221;, disse o segundo ano Roman Valez.\u00a0&#8220;Na verdade, eu gostaria de ensinar \u00e0s pessoas que praticam bullying o que elas realmente est\u00e3o fazendo e como isso as afeta.&#8221;<\/p>\n<p>As greves n\u00e3o terminaram at\u00e9 o fim do dia escolar e, em vez de pedir aos filhos que voltassem \u00e0s salas de aula, muitos pais estavam l\u00e1 para apoi\u00e1-los.<\/p>\n<p>&#8220;Estou muito orgulhoso deles&#8221;, disse a m\u00e3e Denise Valez. &#8220;A escola pode finalmente ver que algo precisa ser feito.&#8221; O dono da pizzaria local, Tony Fevola, diz que at\u00e9 trouxe algumas tortas com uma mensagem de apoio, mas n\u00e3o conseguiu passar da fila de policiais para a multid\u00e3o de crian\u00e7as.\u00a0Michael Kuch diz que agradece o apoio.<\/p>\n<p>Parlapanides n\u00e3o abordou quest\u00f5es sobre a suposta ina\u00e7\u00e3o da Central Regional High School na frente do bullying, nem respondeu a perguntas sobre como a escola lidou e respondeu ao v\u00eddeo da luta.\u00a0Ela se recusou a comentar a NBC 4, mas disse em um comunicado no NJ.com que &#8220;todo o distrito est\u00e1 chocado com a perda de uma crian\u00e7a t\u00e3o pequena&#8221;.<\/p>\n<p>A escola tamb\u00e9m enviou uma carta aos pais notificando a morte de Adriana Kuch. Ela parecia ter sido uma estudante especialmente querida e membro da comunidade. Um vizinho compartilhou um v\u00eddeo do ver\u00e3o passado mostrando Adriana Kuch pulando em uma piscina no quintal para salvar uma menina que parecia estar se afogando. \u201cEla era como uma filha para mim, estava na minha casa quase todos os dias\u201d, disse a vizinha Roxanne Gattuso. Espera-se que Adriana Kuch chore em um servi\u00e7o p\u00fablico na noite de sexta-feira.\u00a0A investiga\u00e7\u00e3o est\u00e1 em andamento.<\/p>\n","protected":false},"excerpt":{"rendered":"<p>Quatro alunas foram expulsas da escola por envolvimento com um ataque no corredor de uma escola a uma garota de 14 anos em Bayville, NJ,\u00a0que tirou a pr\u00f3pria vida 48 horas depois que um v\u00eddeo do bullying apareceu online, foram suspensos indefinidamente, informou o superintendente distrital confirmou na quinta-feira, embora ainda n\u00e3o houvesse atualiza\u00e7\u00e3o do Minist\u00e9rio P\u00fablico sobre poss\u00edveis acusa\u00e7\u00f5es criminais. Michael Kuch, pai de Adriana Olivia Kuch, disse h\u00e1 um dia que os promotores do Condado de Ocean disseram a ele que pelo menos tr\u00eas das meninas enfrentam acusa\u00e7\u00f5es criminais no ataque a sua filha na Central Regional High [&hellip;]<\/p>\n","protected":false},"author":1,"featured_media":54325,"comment_status":"open","ping_status":"closed","sticky":false,"template":"","format":"standard","meta":{"_links_to":"","_links_to_target":""},"categories":[4,3,1],"tags":[],"views":1185,"_links":{"self":[{"href":"https:\/\/www.brazilianpress.com\/v1\/wp-json\/wp\/v2\/posts\/54324"}],"collection":[{"href":"https:\/\/www.brazilianpress.com\/v1\/wp-json\/wp\/v2\/posts"}],"about":[{"href":"https:\/\/www.brazilianpress.com\/v1\/wp-json\/wp\/v2\/types\/post"}],"author":[{"embeddable":true,"href":"https:\/\/www.brazilianpress.com\/v1\/wp-json\/wp\/v2\/users\/1"}],"replies":[{"embeddable":true,"href":"https:\/\/www.brazilianpress.com\/v1\/wp-json\/wp\/v2\/comments?post=54324"}],"version-history":[{"count":1,"href":"https:\/\/www.brazilianpress.com\/v1\/wp-json\/wp\/v2\/posts\/54324\/revisions"}],"predecessor-version":[{"id":54326,"href":"https:\/\/www.brazilianpress.com\/v1\/wp-json\/wp\/v2\/posts\/54324\/revisions\/54326"}],"wp:featuredmedia":[{"embeddable":true,"href":"https:\/\/www.brazilianpress.com\/v1\/wp-json\/wp\/v2\/media\/54325"}],"wp:attachment":[{"href":"https:\/\/www.brazilianpress.com\/v1\/wp-json\/wp\/v2\/media?parent=54324"}],"wp:term":[{"taxonomy":"category","embeddable":true,"href":"https:\/\/www.brazilianpress.com\/v1\/wp-json\/wp\/v2\/categories?post=54324"},{"taxonomy":"post_tag","embeddable":true,"href":"https:\/\/www.brazilianpress.com\/v1\/wp-json\/wp\/v2\/tags?post=54324"}],"curies":[{"name":"wp","href":"https:\/\/api.w.org\/{rel}","templated":true}]}}