{"id":54327,"date":"2023-02-20T09:49:17","date_gmt":"2023-02-20T13:49:17","guid":{"rendered":"https:\/\/www.brazilianpress.com\/v1\/?p=54327"},"modified":"2023-02-20T09:49:17","modified_gmt":"2023-02-20T13:49:17","slug":"mexico-onibus-capota-em-rodovia-e-mata-15-imigrantes-eles-seguiam-em-busca-asilo-nos-eua","status":"publish","type":"post","link":"https:\/\/www.brazilianpress.com\/v1\/2023\/02\/20\/mexico-onibus-capota-em-rodovia-e-mata-15-imigrantes-eles-seguiam-em-busca-asilo-nos-eua\/","title":{"rendered":"M\u00e9xico: \u00d4nibus capota em rodovia e mata 15 imigrantes. Eles seguiam em busca asilo nos EUA"},"content":{"rendered":"<p><strong>Pelo menos 15 pessoas morreram e dezenas ficaram gravemente feridas no domingo (19), quando um \u00f4nibus transportando imigrantes capotou em uma rodovia mexicana entre Puebla e Oaxaca, ap\u00f3s colidir com um trailer. Segundo a Guarda Nacional Mexicana, os indocumentados \u2013 cerca de 40 ocupantes \u2013 seguiam para a fronteira com os EUA, com intuito de pedir asilo no pa\u00eds.<\/strong><\/p>\n<p>Os imigrantes que estavam no \u00f4nibus, informou o \u00f3rg\u00e3o governamental que administra as rodovias do M\u00e9xico, o \u201cCaminos y Puentes Federales\u201d, eram da Am\u00e9rica Central e do Sul, a maioria colombianos.<\/p>\n<p><img src=\"https:\/\/media-cldnry.s-nbcnews.com\/image\/upload\/t_social_share_1024x768_scale,f_auto,q_auto:best\/rockcms\/2023-02\/Accidente-autobs-Puebla-Oaxaca-45005d.jpg\" alt=\"Al menos 15 muertos y m\u00e1s de 30 heridos al volcar un autob\u00fas en M\u00e9xico\" \/><\/p>\n<p>O acidente ocorreu depois que um trailer colidiu violentamente com o \u00f4nibus, provocando o capotamento do ve\u00edculo, levando a \u00f3bito 15 pessoas, deixando v\u00e1rios feridos. O condutor do trailer fugiu do local.<\/p>\n<p><img src=\"https:\/\/imparcialoaxaca.mx\/wp-content\/uploads\/2023\/02\/Tras-volcar.jpg\" alt=\"Tragedia migrante! Vuelca autob\u00fas en l\u00edmites con Puebla | El Imparcial de  Oaxaca\" \/><\/p>\n<p>At\u00e9 o momento desta publica\u00e7\u00e3o o pol\u00edcia de imigra\u00e7\u00e3o n\u00e3o havia divulgado a lista de passageiro do \u00f4nibus atingido. Os feridos foram resgatados e encaminhados para o hospital local. Segundo relat\u00f3rios do \u201cColetivo de Observa\u00e7\u00e3o e Monitoramento de Direitos Humanos\u201d, cerca de 14.000 migrantes passaram pela rodovia de Oaxaca durante sua viagem aos EUAs em 2022. As autoridades manter\u00e3o a rodovia interditada at\u00e9 que os corpos sejam retirados e encaminhados ao \u201cServi\u00e7o M\u00e9dico Legal\u201d para identifica\u00e7\u00e3o e eventual repatria\u00e7\u00e3o.<\/p>\n<p><img src=\"https:\/\/cambiodepagina.mx\/wp-content\/uploads\/2023\/02\/WhatsApp-Image-2023-02-19-at-23.14.13-1024x576.jpeg\" alt=\"Mueren 13 en tr\u00e1gico accidente entre Oaxaca y Puebla\" \/><\/p>\n<p><img loading=\"lazy\" class=\"\" src=\"https:\/\/pbs.twimg.com\/media\/FpXgpQeWIAAuVcd?format=jpg&amp;name=small\" alt=\"Unos 15 presuntos migrantes mueren en volcadura de autob\u00fas en M\u00e9xico | Tu  Nota\" width=\"588\" height=\"806\" \/><\/p>\n<p>\/\/ Site Nossa Gente.<\/p>\n","protected":false},"excerpt":{"rendered":"<p>Pelo menos 15 pessoas morreram e dezenas ficaram gravemente feridas no domingo (19), quando um \u00f4nibus transportando imigrantes capotou em uma rodovia mexicana entre Puebla e Oaxaca, ap\u00f3s colidir com um trailer. Segundo a Guarda Nacional Mexicana, os indocumentados \u2013 cerca de 40 ocupantes \u2013 seguiam para a fronteira com os EUA, com intuito de pedir asilo no pa\u00eds. Os imigrantes que estavam no \u00f4nibus, informou o \u00f3rg\u00e3o governamental que administra as rodovias do M\u00e9xico, o \u201cCaminos y Puentes Federales\u201d, eram da Am\u00e9rica Central e do Sul, a maioria colombianos. O acidente ocorreu depois que um trailer colidiu violentamente com [&hellip;]<\/p>\n","protected":false},"author":1,"featured_media":54328,"comment_status":"open","ping_status":"closed","sticky":false,"template":"","format":"standard","meta":{"_links_to":"","_links_to_target":""},"categories":[3,8,1],"tags":[],"views":1222,"_links":{"self":[{"href":"https:\/\/www.brazilianpress.com\/v1\/wp-json\/wp\/v2\/posts\/54327"}],"collection":[{"href":"https:\/\/www.brazilianpress.com\/v1\/wp-json\/wp\/v2\/posts"}],"about":[{"href":"https:\/\/www.brazilianpress.com\/v1\/wp-json\/wp\/v2\/types\/post"}],"author":[{"embeddable":true,"href":"https:\/\/www.brazilianpress.com\/v1\/wp-json\/wp\/v2\/users\/1"}],"replies":[{"embeddable":true,"href":"https:\/\/www.brazilianpress.com\/v1\/wp-json\/wp\/v2\/comments?post=54327"}],"version-history":[{"count":1,"href":"https:\/\/www.brazilianpress.com\/v1\/wp-json\/wp\/v2\/posts\/54327\/revisions"}],"predecessor-version":[{"id":54329,"href":"https:\/\/www.brazilianpress.com\/v1\/wp-json\/wp\/v2\/posts\/54327\/revisions\/54329"}],"wp:featuredmedia":[{"embeddable":true,"href":"https:\/\/www.brazilianpress.com\/v1\/wp-json\/wp\/v2\/media\/54328"}],"wp:attachment":[{"href":"https:\/\/www.brazilianpress.com\/v1\/wp-json\/wp\/v2\/media?parent=54327"}],"wp:term":[{"taxonomy":"category","embeddable":true,"href":"https:\/\/www.brazilianpress.com\/v1\/wp-json\/wp\/v2\/categories?post=54327"},{"taxonomy":"post_tag","embeddable":true,"href":"https:\/\/www.brazilianpress.com\/v1\/wp-json\/wp\/v2\/tags?post=54327"}],"curies":[{"name":"wp","href":"https:\/\/api.w.org\/{rel}","templated":true}]}}