{"id":54330,"date":"2023-02-21T09:54:57","date_gmt":"2023-02-21T13:54:57","guid":{"rendered":"https:\/\/www.brazilianpress.com\/v1\/?p=54330"},"modified":"2023-02-21T09:54:57","modified_gmt":"2023-02-21T13:54:57","slug":"portugal-vai-conceder-autorizacao-automatica-de-residencia-para-brasileiros-entenda","status":"publish","type":"post","link":"https:\/\/www.brazilianpress.com\/v1\/2023\/02\/21\/portugal-vai-conceder-autorizacao-automatica-de-residencia-para-brasileiros-entenda\/","title":{"rendered":"Portugal vai conceder autoriza\u00e7\u00e3o autom\u00e1tica de resid\u00eancia para brasileiros. Entenda"},"content":{"rendered":"<p><strong>Os brasileiros e cidad\u00e3os de na\u00e7\u00f5es africanas da Comunidade de Pa\u00edses de L\u00edngua Portuguesa (CPLP) ter\u00e3o autoriza\u00e7\u00e3o de resid\u00eancia em Portugal de forma autom\u00e1tica. A medida do governo portugu\u00eas ser\u00e1 publicada no Di\u00e1rio da Rep\u00fablica com os detalhes para poder entrar em vigor. Mas o seu conte\u00fado foi revelado pela ag\u00eancia Lusa.<\/strong><\/p>\n<p>Segundo a ag\u00eancia, a autoriza\u00e7\u00e3o ser\u00e1 v\u00e1lida por um ano e concedida de forma autom\u00e1tica aos imigrantes que manifestem interesse em residir no pa\u00eds. Este dispositivo (manifesta\u00e7\u00e3o de interesse) \u00e9 amparado por contratos de trabalho.<\/p>\n<p><img loading=\"lazy\" class=\"alignnone size-full wp-image-51776\" src=\"https:\/\/www.brazilianpress.com\/v1\/wp-content\/uploads\/2022\/05\/portugal.jpg\" alt=\"\" width=\"675\" height=\"450\" srcset=\"https:\/\/www.brazilianpress.com\/v1\/wp-content\/uploads\/2022\/05\/portugal.jpg 675w, https:\/\/www.brazilianpress.com\/v1\/wp-content\/uploads\/2022\/05\/portugal-300x200.jpg 300w\" sizes=\"(max-width: 675px) 100vw, 675px\" \/><\/p>\n<p>A facilidade na concess\u00e3o est\u00e1 prevista no Acordo de Mobilidade entre os Estados-membros da Comunidade dos Pa\u00edses de L\u00edngua Portuguesa (CPLP), de 2022. \u201cA fim de dar cumprimento a esta disposi\u00e7\u00e3o (&#8230;) \u00e9 necess\u00e1rio aprovar um modelo para o documento em refer\u00eancia, bem como definir as taxas devidas pelo procedimento de emiss\u00e3o\u201d, informa o documento.<\/p>\n<p>Assinado pelo ministro da Administra\u00e7\u00e3o Interna, Jos\u00e9 Lu\u00eds Carneiro, o texto prev\u00ea uma taxa de \u20ac15 euros pela emiss\u00e3o digital do certificado de autoriza\u00e7\u00e3o de resid\u00eancia. Fila: Brasileiros esperam sem previs\u00e3o por reagrupamento familiar em Portugal. Inclu\u00eddos na megaopera\u00e7\u00e3o criada recentemente para regularizar imigrantes, os cidad\u00e3os da CPLP ter\u00e3o ainda mais facilidades em meio \u00e0 burocracia para solicitar documentos. Enquanto aguardam documentos, que podem demorar anos, os imigrantes ficam \u00e0 margem. Perdem direitos, oportunidades de trabalho e viagens.<\/p>\n<p>No \u00faltimo s\u00e1bado, o ministro adiantou que Portugal pretende destinar aos imigrantes da CPLP o mesmo estatuto de prote\u00e7\u00e3o concedido aos refugiados ucranianos no pa\u00eds. \u2014 (Para que) possam se beneficiar de um estatuto de prote\u00e7\u00e3o de at\u00e9 um ano que permite acesso direto \u00e0 seguran\u00e7a social, sa\u00fade e n\u00famero fiscal \u2014 disse Carneiro. \u00c0s v\u00e9speras da invas\u00e3o russa \u00e0 Ucr\u00e2nia completar um ano, o Servi\u00e7o de Estrangeiros e Fronteiras informou que concedeu 57.859 prote\u00e7\u00f5es\/resid\u00eancias tempor\u00e1rias aos ucranianos, a segunda maior comunidade estrangeira em Portugal, atr\u00e1s da brasileira.<\/p>\n","protected":false},"excerpt":{"rendered":"<p>Os brasileiros e cidad\u00e3os de na\u00e7\u00f5es africanas da Comunidade de Pa\u00edses de L\u00edngua Portuguesa (CPLP) ter\u00e3o autoriza\u00e7\u00e3o de resid\u00eancia em Portugal de forma autom\u00e1tica. A medida do governo portugu\u00eas ser\u00e1 publicada no Di\u00e1rio da Rep\u00fablica com os detalhes para poder entrar em vigor. Mas o seu conte\u00fado foi revelado pela ag\u00eancia Lusa. Segundo a ag\u00eancia, a autoriza\u00e7\u00e3o ser\u00e1 v\u00e1lida por um ano e concedida de forma autom\u00e1tica aos imigrantes que manifestem interesse em residir no pa\u00eds. Este dispositivo (manifesta\u00e7\u00e3o de interesse) \u00e9 amparado por contratos de trabalho. A facilidade na concess\u00e3o est\u00e1 prevista no Acordo de Mobilidade entre os Estados-membros [&hellip;]<\/p>\n","protected":false},"author":1,"featured_media":53483,"comment_status":"open","ping_status":"closed","sticky":false,"template":"","format":"standard","meta":{"_links_to":"","_links_to_target":""},"categories":[3,8,1],"tags":[],"views":996,"_links":{"self":[{"href":"https:\/\/www.brazilianpress.com\/v1\/wp-json\/wp\/v2\/posts\/54330"}],"collection":[{"href":"https:\/\/www.brazilianpress.com\/v1\/wp-json\/wp\/v2\/posts"}],"about":[{"href":"https:\/\/www.brazilianpress.com\/v1\/wp-json\/wp\/v2\/types\/post"}],"author":[{"embeddable":true,"href":"https:\/\/www.brazilianpress.com\/v1\/wp-json\/wp\/v2\/users\/1"}],"replies":[{"embeddable":true,"href":"https:\/\/www.brazilianpress.com\/v1\/wp-json\/wp\/v2\/comments?post=54330"}],"version-history":[{"count":1,"href":"https:\/\/www.brazilianpress.com\/v1\/wp-json\/wp\/v2\/posts\/54330\/revisions"}],"predecessor-version":[{"id":54331,"href":"https:\/\/www.brazilianpress.com\/v1\/wp-json\/wp\/v2\/posts\/54330\/revisions\/54331"}],"wp:featuredmedia":[{"embeddable":true,"href":"https:\/\/www.brazilianpress.com\/v1\/wp-json\/wp\/v2\/media\/53483"}],"wp:attachment":[{"href":"https:\/\/www.brazilianpress.com\/v1\/wp-json\/wp\/v2\/media?parent=54330"}],"wp:term":[{"taxonomy":"category","embeddable":true,"href":"https:\/\/www.brazilianpress.com\/v1\/wp-json\/wp\/v2\/categories?post=54330"},{"taxonomy":"post_tag","embeddable":true,"href":"https:\/\/www.brazilianpress.com\/v1\/wp-json\/wp\/v2\/tags?post=54330"}],"curies":[{"name":"wp","href":"https:\/\/api.w.org\/{rel}","templated":true}]}}