{"id":54434,"date":"2023-03-03T15:14:12","date_gmt":"2023-03-03T19:14:12","guid":{"rendered":"https:\/\/www.brazilianpress.com\/v1\/?p=54434"},"modified":"2023-03-03T15:14:12","modified_gmt":"2023-03-03T19:14:12","slug":"portugal-concedera-autorizacao-de-residencia-automatica-por-um-ano-aos-brasileiros","status":"publish","type":"post","link":"https:\/\/www.brazilianpress.com\/v1\/2023\/03\/03\/portugal-concedera-autorizacao-de-residencia-automatica-por-um-ano-aos-brasileiros\/","title":{"rendered":"Portugal conceder\u00e1 autoriza\u00e7\u00e3o de resid\u00eancia autom\u00e1tica por um ano aos brasileiros"},"content":{"rendered":"<p><strong>O novo modelo de autoriza\u00e7\u00e3o de resid\u00eancia em Portugal para imigrantes dos pa\u00edses da CPLP (Comunidade de Pa\u00edses de L\u00edngua Portuguesa) entrou em vigor na quarta-feira (1\u00b0) e vai alterar o processo de muitos brasileiros que j\u00e1 moram no pa\u00eds e aqueles que t\u00eam inten\u00e7\u00e3o de pedir resid\u00eancia.<\/strong><\/p>\n<p>A nova lei concede uma autoriza\u00e7\u00e3o de resid\u00eancia de um ano aos migrantes dos pa\u00edses da CPLP, sem que tenham de passar pelo processo de manifesta\u00e7\u00e3o de interesse que hoje leva at\u00e9 dois anos. Com a resid\u00eancia &#8220;autom\u00e1tica&#8221;, os migrantes poder\u00e3o trabalhar, se inscrever em cursos ou alugar im\u00f3veis de maneira legal.<\/p>\n<p>A facilita\u00e7\u00e3o do dispositivo deve atender os milhares de migrantes que aguardam o resultado de seus processos migrat\u00f3rios. De acordo com a ag\u00eancia Lusa, s\u00e3o cerca de 150 mil migrantes nessa situa\u00e7\u00e3o, a maioria deles brasileiros.<\/p>\n<p>O nova autoriza\u00e7\u00e3o de resid\u00eancia poder\u00e1 ser aplicada para todos os origin\u00e1rios de pa\u00edses da CPLP que entraram legalmente no territ\u00f3rio portugu\u00eas, segundo a advogada especializada no assunto, Anna Luiza Pereira.<\/p>\n<p>Os pa\u00edses da CPLP s\u00e3o Angola, Brasil, Cabo Verde, Guin\u00e9-Bissau, Guin\u00e9 Equatorial, Mo\u00e7ambique, S\u00e3o Tom\u00e9 e Pr\u00edncipe e Timor Leste.<\/p>\n<p>A regra, \u201cconforme vem sendo veiculado, ser\u00e1 aplicada a cidad\u00e3os que estejam em processo de Manifesta\u00e7\u00e3o de Interesse pendentes de aprecia\u00e7\u00e3o. Ou seja, aqueles que deram entrada em 2021 e 2022 e aguardam para a entrevista com o \u00f3rg\u00e3o respons\u00e1vel [SEF]. Eles ser\u00e3o contatados por e-mail para que realizem o pagamento da taxa de \u20ac 15, e consequente emiss\u00e3o do certificado\u201d, explica a especialista. A autoriza\u00e7\u00e3o vale por um ano, e dever\u00e1 ser renovada posteriormente.<\/p>\n","protected":false},"excerpt":{"rendered":"<p>O novo modelo de autoriza\u00e7\u00e3o de resid\u00eancia em Portugal para imigrantes dos pa\u00edses da CPLP (Comunidade de Pa\u00edses de L\u00edngua Portuguesa) entrou em vigor na quarta-feira (1\u00b0) e vai alterar o processo de muitos brasileiros que j\u00e1 moram no pa\u00eds e aqueles que t\u00eam inten\u00e7\u00e3o de pedir resid\u00eancia. A nova lei concede uma autoriza\u00e7\u00e3o de resid\u00eancia de um ano aos migrantes dos pa\u00edses da CPLP, sem que tenham de passar pelo processo de manifesta\u00e7\u00e3o de interesse que hoje leva at\u00e9 dois anos. Com a resid\u00eancia &#8220;autom\u00e1tica&#8221;, os migrantes poder\u00e3o trabalhar, se inscrever em cursos ou alugar im\u00f3veis de maneira legal. [&hellip;]<\/p>\n","protected":false},"author":1,"featured_media":54435,"comment_status":"open","ping_status":"closed","sticky":false,"template":"","format":"standard","meta":{"_links_to":"","_links_to_target":""},"categories":[3,8,1],"tags":[],"views":1410,"_links":{"self":[{"href":"https:\/\/www.brazilianpress.com\/v1\/wp-json\/wp\/v2\/posts\/54434"}],"collection":[{"href":"https:\/\/www.brazilianpress.com\/v1\/wp-json\/wp\/v2\/posts"}],"about":[{"href":"https:\/\/www.brazilianpress.com\/v1\/wp-json\/wp\/v2\/types\/post"}],"author":[{"embeddable":true,"href":"https:\/\/www.brazilianpress.com\/v1\/wp-json\/wp\/v2\/users\/1"}],"replies":[{"embeddable":true,"href":"https:\/\/www.brazilianpress.com\/v1\/wp-json\/wp\/v2\/comments?post=54434"}],"version-history":[{"count":1,"href":"https:\/\/www.brazilianpress.com\/v1\/wp-json\/wp\/v2\/posts\/54434\/revisions"}],"predecessor-version":[{"id":54436,"href":"https:\/\/www.brazilianpress.com\/v1\/wp-json\/wp\/v2\/posts\/54434\/revisions\/54436"}],"wp:featuredmedia":[{"embeddable":true,"href":"https:\/\/www.brazilianpress.com\/v1\/wp-json\/wp\/v2\/media\/54435"}],"wp:attachment":[{"href":"https:\/\/www.brazilianpress.com\/v1\/wp-json\/wp\/v2\/media?parent=54434"}],"wp:term":[{"taxonomy":"category","embeddable":true,"href":"https:\/\/www.brazilianpress.com\/v1\/wp-json\/wp\/v2\/categories?post=54434"},{"taxonomy":"post_tag","embeddable":true,"href":"https:\/\/www.brazilianpress.com\/v1\/wp-json\/wp\/v2\/tags?post=54434"}],"curies":[{"name":"wp","href":"https:\/\/api.w.org\/{rel}","templated":true}]}}