{"id":54437,"date":"2023-03-04T09:20:35","date_gmt":"2023-03-04T13:20:35","guid":{"rendered":"https:\/\/www.brazilianpress.com\/v1\/?p=54437"},"modified":"2023-03-04T09:20:35","modified_gmt":"2023-03-04T13:20:35","slug":"atletico-mg-cumpre-papel-faz-belos-gols-mas-ainda-precisa-ajustar-protecao-defensiva","status":"publish","type":"post","link":"https:\/\/www.brazilianpress.com\/v1\/2023\/03\/04\/atletico-mg-cumpre-papel-faz-belos-gols-mas-ainda-precisa-ajustar-protecao-defensiva\/","title":{"rendered":"Atl\u00e9tico-MG cumpre papel, faz belos gols, mas ainda precisa ajustar prote\u00e7\u00e3o defensiva"},"content":{"rendered":"<p><strong>O\u00a0Atl\u00e9tico-MG\u00a0avan\u00e7ou na Copa Libertadores. Cumpriu seu papel de favorito contra um Carabobo, que correu demais, e conseguiu fazer gols e dar sustos no Mineir\u00e3o. Mas a qualidade ofensiva se sobressaiu para o Galo ir para a terceira fase. Nesta quinta-feira, conhecer\u00e1 o advers\u00e1rio da terceira fase: Millonarios (Col\u00f4mbia) ou Universidad Cat\u00f3lica (Equador).<\/strong><\/p>\n<p>A partida demonstrou um in\u00edcio de muita produ\u00e7\u00e3o e efetividade, com Hulk marcando o primeiro gol aos 15 minutos, em lance que come\u00e7ou com Lemos, passou por Edenilson, Paulinho e parou no fundo das redes no p\u00e9 direito do artilheiro de oito gols neste 2023.<\/p>\n<p>O segundo gol n\u00e3o demorou a sair, com Paulinho aproveitando rebote em chute de Pedrinho. Era o placar perfeito para o Atl\u00e9tico conseguir administrar, mantendo a bola longe do seu gol, e aproveitando a inspira\u00e7\u00e3o ofensiva. Mas o que se viu foi o Carabobo crescer na partida.<\/p>\n<p>Os laterais tiveram dificuldade. Saravia fez uma partida pior do que a apresentada contra o Am\u00e9rica. A zaga foi sendo testada, at\u00e9 que um chute de Pern\u00eda, com desvio em Jemerson, diminuiu o placar para 2 a 1 no fim do primeiro tempo. Antes, Everson j\u00e1 havia feito grande defesa, outra vez em finaliza\u00e7\u00e3o de Apaolaza.<\/p>\n<p>O Atl\u00e9tico aplicou um ritmo forte, tentava achar o ataque no menor n\u00famero de passes poss\u00edvel, n\u00e3o queria perder tempo. Hulk chegou a dizer que Coudet &#8220;comeu a alma&#8221; dos jogadores no intervalo. No segundo tempo, o Carabobo atacou menos, e teve um jogador expulso &#8211; justamente Pern\u00eda.<\/p>\n<p>Ainda assim, o Galo demorou a explorar a superioridade num\u00e9rica. Destaque para Patrick, que, ainda que tenha recebido um princ\u00edpio de cr\u00edticas da arquibancada, fez grande partida. Roubou bolas, fez prote\u00e7\u00e3o em zonas de perigo, e criou chances na esquerda, correndo demais. Sofreu o p\u00eanalti que Vargas desperdi\u00e7ou.<\/p>\n<p>Mais uma noite para o volante Allan guardar tamb\u00e9m na mem\u00f3ria. Coudet ainda pode reavaliar uma sobrecarga do jogador, que tem posi\u00e7\u00e3o estrat\u00e9gica de sa\u00edda de bola e combate numa linha de tr\u00eas defensores, com os laterais soltos, e Edenilson, que fica logo \u00e0 sua frente, ocupando uma faixa mais ofensiva no campo.<\/p>\n<p>O Atl\u00e9tico carece de ajustes claros. Tem pouco mais de um m\u00eas de jogos oficiais para um in\u00edcio de trabalho de Coudet. Talvez Rubens possa ganhar oportunidades na lateral esquerda, e h\u00e1 uma \u00f3tima not\u00edcia: Zaracho acumulou mais 50 minutos em campo e parece pronto para assumir a titularidade. Para o time ideal do Atl\u00e9tico, s\u00f3 resta a t\u00e3o aguardada recupera\u00e7\u00e3o (longa) de Guilherme Arana.<\/p>\n<p>Agora \u00e9 esperar Millonarios ou Universidad Cat\u00f3lica do Equador na terceira fase, que ser\u00e1 disputada nas pr\u00f3ximas semanas, em meio \u00e0 defini\u00e7\u00e3o de semifinal do Campeonato Mineiro. O Atl\u00e9tico dominou a posse de bola outra vez, poderia ter sa\u00eddo com mais gols, mas tamb\u00e9m poderia ter evitado sustos na sua \u00e1rea. A pr\u00f3xima parada \u00e9 o Democrata GV fora de casa, no que promete ser uma rodada final da primeira fase do Mineiro bem eletrizante, com o Galo em busca da melhor campanha geral.<\/p>\n","protected":false},"excerpt":{"rendered":"<p>O\u00a0Atl\u00e9tico-MG\u00a0avan\u00e7ou na Copa Libertadores. Cumpriu seu papel de favorito contra um Carabobo, que correu demais, e conseguiu fazer gols e dar sustos no Mineir\u00e3o. Mas a qualidade ofensiva se sobressaiu para o Galo ir para a terceira fase. Nesta quinta-feira, conhecer\u00e1 o advers\u00e1rio da terceira fase: Millonarios (Col\u00f4mbia) ou Universidad Cat\u00f3lica (Equador). A partida demonstrou um in\u00edcio de muita produ\u00e7\u00e3o e efetividade, com Hulk marcando o primeiro gol aos 15 minutos, em lance que come\u00e7ou com Lemos, passou por Edenilson, Paulinho e parou no fundo das redes no p\u00e9 direito do artilheiro de oito gols neste 2023. O segundo gol [&hellip;]<\/p>\n","protected":false},"author":1,"featured_media":54438,"comment_status":"open","ping_status":"closed","sticky":false,"template":"","format":"standard","meta":{"_links_to":"","_links_to_target":""},"categories":[9,1],"tags":[],"views":809,"_links":{"self":[{"href":"https:\/\/www.brazilianpress.com\/v1\/wp-json\/wp\/v2\/posts\/54437"}],"collection":[{"href":"https:\/\/www.brazilianpress.com\/v1\/wp-json\/wp\/v2\/posts"}],"about":[{"href":"https:\/\/www.brazilianpress.com\/v1\/wp-json\/wp\/v2\/types\/post"}],"author":[{"embeddable":true,"href":"https:\/\/www.brazilianpress.com\/v1\/wp-json\/wp\/v2\/users\/1"}],"replies":[{"embeddable":true,"href":"https:\/\/www.brazilianpress.com\/v1\/wp-json\/wp\/v2\/comments?post=54437"}],"version-history":[{"count":1,"href":"https:\/\/www.brazilianpress.com\/v1\/wp-json\/wp\/v2\/posts\/54437\/revisions"}],"predecessor-version":[{"id":54439,"href":"https:\/\/www.brazilianpress.com\/v1\/wp-json\/wp\/v2\/posts\/54437\/revisions\/54439"}],"wp:featuredmedia":[{"embeddable":true,"href":"https:\/\/www.brazilianpress.com\/v1\/wp-json\/wp\/v2\/media\/54438"}],"wp:attachment":[{"href":"https:\/\/www.brazilianpress.com\/v1\/wp-json\/wp\/v2\/media?parent=54437"}],"wp:term":[{"taxonomy":"category","embeddable":true,"href":"https:\/\/www.brazilianpress.com\/v1\/wp-json\/wp\/v2\/categories?post=54437"},{"taxonomy":"post_tag","embeddable":true,"href":"https:\/\/www.brazilianpress.com\/v1\/wp-json\/wp\/v2\/tags?post=54437"}],"curies":[{"name":"wp","href":"https:\/\/api.w.org\/{rel}","templated":true}]}}