{"id":54440,"date":"2023-03-04T09:22:33","date_gmt":"2023-03-04T13:22:33","guid":{"rendered":"https:\/\/www.brazilianpress.com\/v1\/?p=54440"},"modified":"2023-03-04T09:22:33","modified_gmt":"2023-03-04T13:22:33","slug":"cruzeiro-tem-marlon-ex-fluminense-como-alvo-da-vez-para-a-lateral-esquerda","status":"publish","type":"post","link":"https:\/\/www.brazilianpress.com\/v1\/2023\/03\/04\/cruzeiro-tem-marlon-ex-fluminense-como-alvo-da-vez-para-a-lateral-esquerda\/","title":{"rendered":"Cruzeiro tem Marlon, ex-Fluminense, como alvo da vez para a lateral esquerda"},"content":{"rendered":"<p><strong>Em busca de um lateral-esquerdo desde o fim do ano passado, o\u00a0Cruzeiro\u00a0tem Marlon, ex-Fluminense, como principal alvo neste momento. O clube mant\u00e9m conversas com staff do jogador, que tem 25 anos e est\u00e1 no futebol da Turquia.<\/strong><\/p>\n<p>O lateral-esquerdo e seu staff responderam positivamente a uma primeira consulta do\u00a0Cruzeiro, unindo o projeto do clube ao desejo de Marlon em retornar ao futebol do Brasil. Ele, no entanto, tem contrato com o Ankarag\u00fcc\u00fc at\u00e9 o fim de junho de 2024.<\/p>\n<p>Ainda que Marlon e\u00a0Cruzeiro\u00a0se acertem, as partes precisar\u00e3o chegar a um acordo com o clube europeu para libera\u00e7\u00e3o antecipada. Ele \u00e9 titular da equipe, que luta contra o rebaixamento no Campeonato Turco. A informa\u00e7\u00e3o sobre as tratativas foi divulgada pelo portal\u00a0Goal\u00a0e confirmada pelo\u00a0ge.<\/p>\n<p>O ponto favor\u00e1vel \u00e0 negocia\u00e7\u00e3o \u00e9 que o Ankarag\u00fcc\u00fc n\u00e3o investiu para a contrata\u00e7\u00e3o de Marlon, em junho do ano passado. \u00c0 \u00e9poca, jogador chegou a um acordo para rescis\u00e3o amig\u00e1vel com o Fluminense, que tem direito a 30% de uma venda futura.<\/p>\n<p>Marlon foi revelado nas categorias de base do Crici\u00fama e adquirido pelo Fluminense. Teve dificuldades de afirma\u00e7\u00e3o no Tricolor e acumulou empr\u00e9stimos ao Boavista, de Portugal, e ao Trabzonspor, da Turquia, antes da negocia\u00e7\u00e3o com o Ankarag\u00fcc\u00fc.<\/p>\n<p>O\u00a0Cruzeiro\u00a0mapeia o mercado em busca de alternativas para a lateral desde o fim da S\u00e9rie B. O titular do time na competi\u00e7\u00e3o foi Matheus Bidu, que n\u00e3o foi adquirido ap\u00f3s empr\u00e9stimo. Houve consultas por Juninho Capixaba, Bruno Pacheco e Jorge, que foram a outros clubes.<\/p>\n<p>Neste momento, Kaiki e Marquinhos Cipriano s\u00e3o as op\u00e7\u00f5es no elenco para o setor, sendo que o segundo n\u00e3o vem sendo relacionado por op\u00e7\u00e3o da comiss\u00e3o t\u00e9cnica. No in\u00edcio do Mineiro, com Cipriano \u00e0 disposi\u00e7\u00e3o e Kaiki na sele\u00e7\u00e3o brasileira sub-20, a op\u00e7\u00e3o foi por improvisar o atacante Rafael Bilu.<\/p>\n","protected":false},"excerpt":{"rendered":"<p>Em busca de um lateral-esquerdo desde o fim do ano passado, o\u00a0Cruzeiro\u00a0tem Marlon, ex-Fluminense, como principal alvo neste momento. O clube mant\u00e9m conversas com staff do jogador, que tem 25 anos e est\u00e1 no futebol da Turquia. O lateral-esquerdo e seu staff responderam positivamente a uma primeira consulta do\u00a0Cruzeiro, unindo o projeto do clube ao desejo de Marlon em retornar ao futebol do Brasil. Ele, no entanto, tem contrato com o Ankarag\u00fcc\u00fc at\u00e9 o fim de junho de 2024. Ainda que Marlon e\u00a0Cruzeiro\u00a0se acertem, as partes precisar\u00e3o chegar a um acordo com o clube europeu para libera\u00e7\u00e3o antecipada. Ele \u00e9 [&hellip;]<\/p>\n","protected":false},"author":1,"featured_media":54441,"comment_status":"open","ping_status":"closed","sticky":false,"template":"","format":"standard","meta":{"_links_to":"","_links_to_target":""},"categories":[9,1],"tags":[],"views":996,"_links":{"self":[{"href":"https:\/\/www.brazilianpress.com\/v1\/wp-json\/wp\/v2\/posts\/54440"}],"collection":[{"href":"https:\/\/www.brazilianpress.com\/v1\/wp-json\/wp\/v2\/posts"}],"about":[{"href":"https:\/\/www.brazilianpress.com\/v1\/wp-json\/wp\/v2\/types\/post"}],"author":[{"embeddable":true,"href":"https:\/\/www.brazilianpress.com\/v1\/wp-json\/wp\/v2\/users\/1"}],"replies":[{"embeddable":true,"href":"https:\/\/www.brazilianpress.com\/v1\/wp-json\/wp\/v2\/comments?post=54440"}],"version-history":[{"count":1,"href":"https:\/\/www.brazilianpress.com\/v1\/wp-json\/wp\/v2\/posts\/54440\/revisions"}],"predecessor-version":[{"id":54442,"href":"https:\/\/www.brazilianpress.com\/v1\/wp-json\/wp\/v2\/posts\/54440\/revisions\/54442"}],"wp:featuredmedia":[{"embeddable":true,"href":"https:\/\/www.brazilianpress.com\/v1\/wp-json\/wp\/v2\/media\/54441"}],"wp:attachment":[{"href":"https:\/\/www.brazilianpress.com\/v1\/wp-json\/wp\/v2\/media?parent=54440"}],"wp:term":[{"taxonomy":"category","embeddable":true,"href":"https:\/\/www.brazilianpress.com\/v1\/wp-json\/wp\/v2\/categories?post=54440"},{"taxonomy":"post_tag","embeddable":true,"href":"https:\/\/www.brazilianpress.com\/v1\/wp-json\/wp\/v2\/tags?post=54440"}],"curies":[{"name":"wp","href":"https:\/\/api.w.org\/{rel}","templated":true}]}}