{"id":54445,"date":"2023-03-04T09:26:33","date_gmt":"2023-03-04T13:26:33","guid":{"rendered":"https:\/\/www.brazilianpress.com\/v1\/?p=54445"},"modified":"2023-03-04T09:26:33","modified_gmt":"2023-03-04T13:26:33","slug":"stf-ministro-dias-toffoli-arquiva-investigacoes-contra-bolsonaro","status":"publish","type":"post","link":"https:\/\/www.brazilianpress.com\/v1\/2023\/03\/04\/stf-ministro-dias-toffoli-arquiva-investigacoes-contra-bolsonaro\/","title":{"rendered":"STF: Ministro Dias Toffoli arquiva investiga\u00e7\u00f5es contra Bolsonaro"},"content":{"rendered":"<p><strong>O ministro Dias Toffoli, do Supremo Tribunal Federal (STF), arquivou na ter\u00e7a-feira (28), duas frentes de investiga\u00e7\u00e3o contra o ex-presidente Jair Bolsonaro, abertas em decorr\u00eancia do relat\u00f3rio final da Comiss\u00e3o Parlamentar de Inqu\u00e9rito (CPI) da Pandemia.<\/strong><\/p>\n<p>Toffoli atendeu a pedido da Procuradoria-Geral da Rep\u00fablica (PGR), de julho de 2022, para quem n\u00e3o foi apontada a materialidade de nenhum crime praticado por Bolsonaro. O ministro entendeu que, se a PGR n\u00e3o viu il\u00edcito, o pedido de arquivamento deve ser aceito.<\/p>\n<p>&#8220;Se, dos fatos narrados e suas eventuais provas, apresentados, agora, \u00e0 autoridade a quem compete investigar e representar por abertura de inqu\u00e9rito perante esta Suprema Corte, n\u00e3o visualizou a Procuradoria-Geral da Rep\u00fablica substrato m\u00ednimo para tais medidas, deve-se acolher seu parecer pelo arquivamento\u201d, argumenta Toffoli.<\/p>\n<p>Em parecer assinado por Lind\u00f4ra Ara\u00fajo, vice-procuradora-geral da Rep\u00fablica, a PGR argumentou que o relat\u00f3rio da CPI da Pandemia tem defici\u00eancias t\u00e9cnicas, por n\u00e3o ter individualizado provas, por exemplo.<\/p>\n<p>As apura\u00e7\u00f5es arquivadas por Toffoli tratavam da suposta pr\u00e1tica, por Bolsonaro, de infra\u00e7\u00f5es a medidas sanit\u00e1rias e do crime de epidemia, agravado por resultar em mortes. (ABr)<\/p>\n","protected":false},"excerpt":{"rendered":"<p>O ministro Dias Toffoli, do Supremo Tribunal Federal (STF), arquivou na ter\u00e7a-feira (28), duas frentes de investiga\u00e7\u00e3o contra o ex-presidente Jair Bolsonaro, abertas em decorr\u00eancia do relat\u00f3rio final da Comiss\u00e3o Parlamentar de Inqu\u00e9rito (CPI) da Pandemia. Toffoli atendeu a pedido da Procuradoria-Geral da Rep\u00fablica (PGR), de julho de 2022, para quem n\u00e3o foi apontada a materialidade de nenhum crime praticado por Bolsonaro. O ministro entendeu que, se a PGR n\u00e3o viu il\u00edcito, o pedido de arquivamento deve ser aceito. &#8220;Se, dos fatos narrados e suas eventuais provas, apresentados, agora, \u00e0 autoridade a quem compete investigar e representar por abertura de [&hellip;]<\/p>\n","protected":false},"author":1,"featured_media":54446,"comment_status":"open","ping_status":"closed","sticky":false,"template":"","format":"standard","meta":{"_links_to":"","_links_to_target":""},"categories":[7,1],"tags":[],"views":773,"_links":{"self":[{"href":"https:\/\/www.brazilianpress.com\/v1\/wp-json\/wp\/v2\/posts\/54445"}],"collection":[{"href":"https:\/\/www.brazilianpress.com\/v1\/wp-json\/wp\/v2\/posts"}],"about":[{"href":"https:\/\/www.brazilianpress.com\/v1\/wp-json\/wp\/v2\/types\/post"}],"author":[{"embeddable":true,"href":"https:\/\/www.brazilianpress.com\/v1\/wp-json\/wp\/v2\/users\/1"}],"replies":[{"embeddable":true,"href":"https:\/\/www.brazilianpress.com\/v1\/wp-json\/wp\/v2\/comments?post=54445"}],"version-history":[{"count":1,"href":"https:\/\/www.brazilianpress.com\/v1\/wp-json\/wp\/v2\/posts\/54445\/revisions"}],"predecessor-version":[{"id":54447,"href":"https:\/\/www.brazilianpress.com\/v1\/wp-json\/wp\/v2\/posts\/54445\/revisions\/54447"}],"wp:featuredmedia":[{"embeddable":true,"href":"https:\/\/www.brazilianpress.com\/v1\/wp-json\/wp\/v2\/media\/54446"}],"wp:attachment":[{"href":"https:\/\/www.brazilianpress.com\/v1\/wp-json\/wp\/v2\/media?parent=54445"}],"wp:term":[{"taxonomy":"category","embeddable":true,"href":"https:\/\/www.brazilianpress.com\/v1\/wp-json\/wp\/v2\/categories?post=54445"},{"taxonomy":"post_tag","embeddable":true,"href":"https:\/\/www.brazilianpress.com\/v1\/wp-json\/wp\/v2\/tags?post=54445"}],"curies":[{"name":"wp","href":"https:\/\/api.w.org\/{rel}","templated":true}]}}