{"id":54448,"date":"2023-03-04T09:33:03","date_gmt":"2023-03-04T13:33:03","guid":{"rendered":"https:\/\/www.brazilianpress.com\/v1\/?p=54448"},"modified":"2023-03-04T09:33:48","modified_gmt":"2023-03-04T13:33:48","slug":"the-karate-weirdo","status":"publish","type":"post","link":"https:\/\/www.brazilianpress.com\/v1\/2023\/03\/04\/the-karate-weirdo\/","title":{"rendered":"The Karate Weirdo"},"content":{"rendered":"<p><strong>BOLO YEUNG EM NEWARK Neste \u00faltimo s\u00e1bado (25), Jonas Correia ( instrutor da Traditional Karate of Newark) e Jack Ferreira ( Cornerstone Realty Associates), encontraram-se com Bolo Yeung em Monterey Park, Calif\u00f3rnia para negociar a participa\u00e7\u00e3o do ator em um longa-metragem entitulado \u201cThe Karate Weirdo\u201d o qual tamb\u00e9m conta com o renomado ator e mestre de karate Fumio Demura, o qual foi respons\u00e1vel por ensinar as t\u00e9cnicas de Nunchaku a BRUCE LEE.<\/strong><\/p>\n<p><img loading=\"lazy\" class=\" wp-image-54453 alignright\" src=\"https:\/\/www.brazilianpress.com\/v1\/wp-content\/uploads\/2023\/03\/The-karate-weirdo-foto3000.jpg\" alt=\"\" width=\"326\" height=\"369\" srcset=\"https:\/\/www.brazilianpress.com\/v1\/wp-content\/uploads\/2023\/03\/The-karate-weirdo-foto3000.jpg 700w, https:\/\/www.brazilianpress.com\/v1\/wp-content\/uploads\/2023\/03\/The-karate-weirdo-foto3000-265x300.jpg 265w\" sizes=\"(max-width: 326px) 100vw, 326px\" \/>Demura tamb\u00e9m foi instrutor de Chuck Norris, Steven Seagal e diversos outros astros do cinema. Fumio Demura \u00e9 mais conhecido por ter sido a inspira\u00e7\u00e3o por tr\u00e1s do personagem Mr. Miyagi do Karate Kid e ter sido o dubl\u00ea de todas as cenas de lutas do personagem interpretado por Pat Morita. Bolo Yeung \u00e9 o ator o qual interpretou o inesquec\u00edvel Chong Li do filme<\/p>\n<p>\u201cO Grande Drag\u00e3o Branco\u201d com Jean Claude Van Damme (Nos EUA, \u00e9 entitulado como \u201cBloodsport\u201d). A vinda de Bolo Yeung a Newark acontecer\u00e1 em abril. O filme o qual j\u00e1 est\u00e1 sendo gravado desde de julho do ano passado, conta a hist\u00f3ria de Alicia (Sophia Correia), o qual \u00e9 portadora da s\u00edndrome de aspergers (autismo leve) e encontra no karate uma forma de vencer seus desafios. A Stone Entertainment productions &amp; Correia Films, sao as produtoras respons\u00e1veis pela obra. Segundo Jonas Correia, diretor e roteirista do longa-metragem, \u201cThe Karate Weirdo\u201d ser\u00e1 uma trilogia de 5 filmes. Bolo Yeung j\u00e1 est\u00e1 cogitado para o segundo filme e estudam a possibilidade de trazer Jean Claude Van Damme na terceira edi\u00e7\u00e3o. Quem quiser acompanhar as grava\u00e7\u00f5es, pode seguir:\u00a0\u00a0 instagram.com\/jonasfilhobooks<\/p>\n<p><img loading=\"lazy\" class=\"alignnone size-full wp-image-54451\" src=\"https:\/\/www.brazilianpress.com\/v1\/wp-content\/uploads\/2023\/03\/The-karate-weirdo-foto3.jpg\" alt=\"\" width=\"701\" height=\"433\" srcset=\"https:\/\/www.brazilianpress.com\/v1\/wp-content\/uploads\/2023\/03\/The-karate-weirdo-foto3.jpg 701w, https:\/\/www.brazilianpress.com\/v1\/wp-content\/uploads\/2023\/03\/The-karate-weirdo-foto3-300x185.jpg 300w\" sizes=\"(max-width: 701px) 100vw, 701px\" \/><\/p>\n\n\t\t<style type=\"text\/css\">\n\t\t\t#gallery-1 {\n\t\t\t\tmargin: auto;\n\t\t\t}\n\t\t\t#gallery-1 .gallery-item {\n\t\t\t\tfloat: left;\n\t\t\t\tmargin-top: 10px;\n\t\t\t\ttext-align: center;\n\t\t\t\twidth: 33%;\n\t\t\t}\n\t\t\t#gallery-1 img {\n\t\t\t\tborder: 2px solid #cfcfcf;\n\t\t\t}\n\t\t\t#gallery-1 .gallery-caption {\n\t\t\t\tmargin-left: 0;\n\t\t\t}\n\t\t\t\/* see gallery_shortcode() in wp-includes\/media.php *\/\n\t\t<\/style>\n\t\t<div id='gallery-1' class='gallery galleryid-54448 gallery-columns-3 gallery-size-thumbnail'><dl class='gallery-item'>\n\t\t\t<dt class='gallery-icon portrait'>\n\t\t\t\t<a href=\"https:\/\/www.brazilianpress.com\/v1\/wp-content\/uploads\/2023\/03\/The-karate-weirdo-foto3000.jpg\" class=\"gallery_colorbox\"><img width=\"150\" height=\"150\" src=\"https:\/\/www.brazilianpress.com\/v1\/wp-content\/uploads\/2023\/03\/The-karate-weirdo-foto3000-150x150.jpg\"  class=\"attachment-thumbnail size-thumbnail\" alt=\"\" loading=\"lazy\" srcset=\"https:\/\/www.brazilianpress.com\/v1\/wp-content\/uploads\/2023\/03\/The-karate-weirdo-foto3000-150x150.jpg 150w, https:\/\/www.brazilianpress.com\/v1\/wp-content\/uploads\/2023\/03\/The-karate-weirdo-foto3000-180x180.jpg 180w, https:\/\/www.brazilianpress.com\/v1\/wp-content\/uploads\/2023\/03\/The-karate-weirdo-foto3000-400x400.jpg 400w, https:\/\/www.brazilianpress.com\/v1\/wp-content\/uploads\/2023\/03\/The-karate-weirdo-foto3000-600x600.jpg 600w\" sizes=\"(max-width: 150px) 100vw, 150px\" \/><\/a>\n\t\t\t<\/dt><\/dl><dl class='gallery-item'>\n\t\t\t<dt class='gallery-icon landscape'>\n\t\t\t\t<a href=\"https:\/\/www.brazilianpress.com\/v1\/wp-content\/uploads\/2023\/03\/The-karate-weirdo-foto2.jpg\" class=\"gallery_colorbox\"><img width=\"150\" height=\"150\" src=\"https:\/\/www.brazilianpress.com\/v1\/wp-content\/uploads\/2023\/03\/The-karate-weirdo-foto2-150x150.jpg\"  class=\"attachment-thumbnail size-thumbnail\" alt=\"\" loading=\"lazy\" srcset=\"https:\/\/www.brazilianpress.com\/v1\/wp-content\/uploads\/2023\/03\/The-karate-weirdo-foto2-150x150.jpg 150w, https:\/\/www.brazilianpress.com\/v1\/wp-content\/uploads\/2023\/03\/The-karate-weirdo-foto2-180x180.jpg 180w, https:\/\/www.brazilianpress.com\/v1\/wp-content\/uploads\/2023\/03\/The-karate-weirdo-foto2-400x400.jpg 400w, https:\/\/www.brazilianpress.com\/v1\/wp-content\/uploads\/2023\/03\/The-karate-weirdo-foto2-600x600.jpg 600w\" sizes=\"(max-width: 150px) 100vw, 150px\" \/><\/a>\n\t\t\t<\/dt><\/dl><dl class='gallery-item'>\n\t\t\t<dt class='gallery-icon portrait'>\n\t\t\t\t<a href=\"https:\/\/www.brazilianpress.com\/v1\/wp-content\/uploads\/2023\/03\/The-karate-weirdo-foto1.jpg\" class=\"gallery_colorbox\"><img width=\"150\" height=\"150\" src=\"https:\/\/www.brazilianpress.com\/v1\/wp-content\/uploads\/2023\/03\/The-karate-weirdo-foto1-150x150.jpg\"  class=\"attachment-thumbnail size-thumbnail\" alt=\"\" loading=\"lazy\" srcset=\"https:\/\/www.brazilianpress.com\/v1\/wp-content\/uploads\/2023\/03\/The-karate-weirdo-foto1-150x150.jpg 150w, https:\/\/www.brazilianpress.com\/v1\/wp-content\/uploads\/2023\/03\/The-karate-weirdo-foto1-180x180.jpg 180w, https:\/\/www.brazilianpress.com\/v1\/wp-content\/uploads\/2023\/03\/The-karate-weirdo-foto1-400x400.jpg 400w, https:\/\/www.brazilianpress.com\/v1\/wp-content\/uploads\/2023\/03\/The-karate-weirdo-foto1-600x600.jpg 600w\" sizes=\"(max-width: 150px) 100vw, 150px\" \/><\/a>\n\t\t\t<\/dt><\/dl><br style=\"clear: both\" \/>\n\t\t<\/div>\n\n","protected":false},"excerpt":{"rendered":"<p>BOLO YEUNG EM NEWARK Neste \u00faltimo s\u00e1bado (25), Jonas Correia ( instrutor da Traditional Karate of Newark) e Jack Ferreira ( Cornerstone Realty Associates), encontraram-se com Bolo Yeung em Monterey Park, Calif\u00f3rnia para negociar a participa\u00e7\u00e3o do ator em um longa-metragem entitulado \u201cThe Karate Weirdo\u201d o qual tamb\u00e9m conta com o renomado ator e mestre de karate Fumio Demura, o qual foi respons\u00e1vel por ensinar as t\u00e9cnicas de Nunchaku a BRUCE LEE. Demura tamb\u00e9m foi instrutor de Chuck Norris, Steven Seagal e diversos outros astros do cinema. Fumio Demura \u00e9 mais conhecido por ter sido a inspira\u00e7\u00e3o por tr\u00e1s do [&hellip;]<\/p>\n","protected":false},"author":1,"featured_media":54451,"comment_status":"open","ping_status":"closed","sticky":false,"template":"","format":"standard","meta":{"_links_to":"","_links_to_target":""},"categories":[4,3,1],"tags":[],"views":3033,"_links":{"self":[{"href":"https:\/\/www.brazilianpress.com\/v1\/wp-json\/wp\/v2\/posts\/54448"}],"collection":[{"href":"https:\/\/www.brazilianpress.com\/v1\/wp-json\/wp\/v2\/posts"}],"about":[{"href":"https:\/\/www.brazilianpress.com\/v1\/wp-json\/wp\/v2\/types\/post"}],"author":[{"embeddable":true,"href":"https:\/\/www.brazilianpress.com\/v1\/wp-json\/wp\/v2\/users\/1"}],"replies":[{"embeddable":true,"href":"https:\/\/www.brazilianpress.com\/v1\/wp-json\/wp\/v2\/comments?post=54448"}],"version-history":[{"count":1,"href":"https:\/\/www.brazilianpress.com\/v1\/wp-json\/wp\/v2\/posts\/54448\/revisions"}],"predecessor-version":[{"id":54454,"href":"https:\/\/www.brazilianpress.com\/v1\/wp-json\/wp\/v2\/posts\/54448\/revisions\/54454"}],"wp:featuredmedia":[{"embeddable":true,"href":"https:\/\/www.brazilianpress.com\/v1\/wp-json\/wp\/v2\/media\/54451"}],"wp:attachment":[{"href":"https:\/\/www.brazilianpress.com\/v1\/wp-json\/wp\/v2\/media?parent=54448"}],"wp:term":[{"taxonomy":"category","embeddable":true,"href":"https:\/\/www.brazilianpress.com\/v1\/wp-json\/wp\/v2\/categories?post=54448"},{"taxonomy":"post_tag","embeddable":true,"href":"https:\/\/www.brazilianpress.com\/v1\/wp-json\/wp\/v2\/tags?post=54448"}],"curies":[{"name":"wp","href":"https:\/\/api.w.org\/{rel}","templated":true}]}}