{"id":54465,"date":"2023-03-05T10:20:59","date_gmt":"2023-03-05T14:20:59","guid":{"rendered":"https:\/\/www.brazilianpress.com\/v1\/?p=54465"},"modified":"2023-03-05T10:20:59","modified_gmt":"2023-03-05T14:20:59","slug":"ex-presidente-bolsonaro-participa-de-evento-com-donald-trump-em-washington","status":"publish","type":"post","link":"https:\/\/www.brazilianpress.com\/v1\/2023\/03\/05\/ex-presidente-bolsonaro-participa-de-evento-com-donald-trump-em-washington\/","title":{"rendered":"Ex-presidente Bolsonaro participa de evento com Donald Trump em Washington"},"content":{"rendered":"<p><strong>Tr\u00eas meses ap\u00f3s ter deixado o Brasil para n\u00e3o ter que passar a faixa presidencial, Jair Bolsonaro finalmente ficou frente a frente com o ex-presidente americano Donald Trump. O brasileiro participou neste s\u00e1bado (04\/03) da Confer\u00eancia de A\u00e7\u00e3o Pol\u00edtica Conservadora (CPAC), em Washington, que reuniu os principais nomes da extrema direita dos Estados Unidos.<\/strong><\/p>\n<p>Em seu discurso, Bolsonaro vocalizou novamente a incredulidade por ter sido superado, no voto popular, por um advers\u00e1rio. &#8220;Com certeza, sou o ex mais amado do Brasil&#8221;, disse numa fala que era ilustrada por imagens dele com apoiadores em motociatas e nas conversas no \u2018cercadinho&#8217; do Planalto.<\/p>\n<p><img src=\"https:\/\/i.em.com.br\/iQMD_cn1dZvItuXinOVQjBbGG4g=\/1200x720\/smart\/imgsapp.em.com.br\/app\/noticia_127983242361\/2023\/03\/04\/1464742\/jair-bolsonaro-em-evento-nos-estados-unidos_1_66880.jpg\" alt=\"Bolsonaro questiona elei\u00e7\u00f5es: 'Tive mais apoio em 2022 do que em 2018' -  Politica - Estado de Minas\" \/><\/p>\n<p>&#8220;Se olhar as imagens, tive muito mais apoio em 2022 que em 2018. N\u00e3o sei porque os n\u00fameros mostram o contr\u00e1rio&#8221;, questionou outra vez Bolsonaro. Em seu discurso de pouco mais de 20 minutos, o ex-presidente afirmou ter uma rela\u00e7\u00e3o &#8220;excepcional&#8221; com Trump e destacou: &#8220;Fui o \u00faltimo presidente do mundo a reconhecer os resultados da elei\u00e7\u00e3o dos Estados Unidos&#8221;.<\/p>\n<p>Al\u00e9m de Bolsonaro e do pr\u00f3prio Trump, que encerrou o evento com uma fala de 1h45, a CPAC tamb\u00e9m contou com uma das principais figuras da extrema direita mundial ligada ao ex-presidente dos EUA: o ide\u00f3logo Steve Bannon.<\/p>\n<p><img src=\"https:\/\/www.correiodopovo.com.br\/image\/policy:1.995926:1677977951\/.jpeg?f=2x1&amp;$p$f=2be3c1c&amp;w=720&amp;$w=3b33d2d\" alt=\"Com Bolsonaro na plateia, Trump ataca Biden em congresso nos Estados Unidos\" \/><\/p>\n<p>Condenado a quatro meses de pris\u00e3o pela Justi\u00e7a americana por n\u00e3o cooperar com a investiga\u00e7\u00e3o aos ataques do Capit\u00f3lio, Bannon foi um dos principais motivadores da tentativa de golpe nos EUA ap\u00f3s a derrota de Trump para o democrata Joe Biden, em 2020, que culminou com a invas\u00e3o do Capit\u00f3lio. Ele aguarda o fim do processo em liberdade.<\/p>\n<p><strong>A suposta &#8220;amea\u00e7a comunista&#8221;<\/strong><\/p>\n<p>Tamb\u00e9m no s\u00e1bado, um pouco antes do pai, o deputado federal Eduardo Bolsonaro (PL-SP) participou de um debate na CPAC cujo tema era &#8220;A Amea\u00e7a Comunista nas Am\u00e9ricas&#8221;. A rela\u00e7\u00e3o pr\u00f3xima entre Eduardo e Bannon \u00e9 conhecida publicamente. O ide\u00f3logo do trumpismo chegou a nomear o filho de ex-presidente l\u00edder de seu movimento de extrema direita na Am\u00e9rica do Sul.<\/p>\n<p><img src=\"https:\/\/media.gazetadopovo.com.br\/2023\/03\/04221443\/254f556e152679a5354da7309998812474faac5f-1-960x540.jpg\" alt=\"Jair Bolsonaro diz nos EUA que sua miss\u00e3o ainda n\u00e3o acabou\" \/><\/p>\n<p>A suposta amea\u00e7a comunista, inclusive, foi um dos principais motes do evento, junto com o descr\u00e9dito das urnas. Em diversos pain\u00e9is e discursos, participantes da c\u00fapula foram praticamente un\u00edssonos ao chamar o atual presidente americano, o democrata Joe Biden, de &#8220;comunista&#8221;, &#8220;socialista&#8221;, &#8220;globalista&#8221; ou mesmo &#8220;marxista&#8221;.<\/p>\n<p><strong>Donald Trump na CPACDonald Trump na CPAC<\/strong><\/p>\n<p>Num momento em que a extrema direita se v\u00ea escanteada do poder no continente, com a vit\u00f3ria de l\u00edderes social-democratas em pa\u00edses como Chile, Argentina, Col\u00f4mbia, M\u00e9xico e Brasil, a ret\u00f3rica do CPAC se volta contra um inimigo em comum: a China.<\/p>\n<p>No discurso final, Trump disparou contra os &#8220;pol\u00edticos amantes da China&#8221; do Partido Democrata e culpou a pandemia do &#8220;v\u00edrus chin\u00eas&#8221; por n\u00e3o ter tido o desempenho econ\u00f4mico esperado. Ao fim de sua fala, Trump praticamente repetiu o dito por Bolsonaro horas antes: &#8220;Fomos muito melhores [nas elei\u00e7\u00f5es] em 2020 que em 2016&#8221;, em um reiterado o ataque ao sistema eleitoral americano.<\/p>\n<p>\/\/ Fonte: DW.<\/p>\n","protected":false},"excerpt":{"rendered":"<p>Tr\u00eas meses ap\u00f3s ter deixado o Brasil para n\u00e3o ter que passar a faixa presidencial, Jair Bolsonaro finalmente ficou frente a frente com o ex-presidente americano Donald Trump. O brasileiro participou neste s\u00e1bado (04\/03) da Confer\u00eancia de A\u00e7\u00e3o Pol\u00edtica Conservadora (CPAC), em Washington, que reuniu os principais nomes da extrema direita dos Estados Unidos. Em seu discurso, Bolsonaro vocalizou novamente a incredulidade por ter sido superado, no voto popular, por um advers\u00e1rio. &#8220;Com certeza, sou o ex mais amado do Brasil&#8221;, disse numa fala que era ilustrada por imagens dele com apoiadores em motociatas e nas conversas no \u2018cercadinho&#8217; do [&hellip;]<\/p>\n","protected":false},"author":1,"featured_media":54466,"comment_status":"open","ping_status":"closed","sticky":false,"template":"","format":"standard","meta":{"_links_to":"","_links_to_target":""},"categories":[3,1,10],"tags":[],"views":928,"_links":{"self":[{"href":"https:\/\/www.brazilianpress.com\/v1\/wp-json\/wp\/v2\/posts\/54465"}],"collection":[{"href":"https:\/\/www.brazilianpress.com\/v1\/wp-json\/wp\/v2\/posts"}],"about":[{"href":"https:\/\/www.brazilianpress.com\/v1\/wp-json\/wp\/v2\/types\/post"}],"author":[{"embeddable":true,"href":"https:\/\/www.brazilianpress.com\/v1\/wp-json\/wp\/v2\/users\/1"}],"replies":[{"embeddable":true,"href":"https:\/\/www.brazilianpress.com\/v1\/wp-json\/wp\/v2\/comments?post=54465"}],"version-history":[{"count":1,"href":"https:\/\/www.brazilianpress.com\/v1\/wp-json\/wp\/v2\/posts\/54465\/revisions"}],"predecessor-version":[{"id":54467,"href":"https:\/\/www.brazilianpress.com\/v1\/wp-json\/wp\/v2\/posts\/54465\/revisions\/54467"}],"wp:featuredmedia":[{"embeddable":true,"href":"https:\/\/www.brazilianpress.com\/v1\/wp-json\/wp\/v2\/media\/54466"}],"wp:attachment":[{"href":"https:\/\/www.brazilianpress.com\/v1\/wp-json\/wp\/v2\/media?parent=54465"}],"wp:term":[{"taxonomy":"category","embeddable":true,"href":"https:\/\/www.brazilianpress.com\/v1\/wp-json\/wp\/v2\/categories?post=54465"},{"taxonomy":"post_tag","embeddable":true,"href":"https:\/\/www.brazilianpress.com\/v1\/wp-json\/wp\/v2\/tags?post=54465"}],"curies":[{"name":"wp","href":"https:\/\/api.w.org\/{rel}","templated":true}]}}