{"id":54468,"date":"2023-03-06T12:02:34","date_gmt":"2023-03-06T16:02:34","guid":{"rendered":"https:\/\/www.brazilianpress.com\/v1\/?p=54468"},"modified":"2023-03-06T12:02:34","modified_gmt":"2023-03-06T16:02:34","slug":"imigrante-e-sentenciado-a-60-anos-de-prisao-apos-matar-tio-que-lhe-deu-abrigo-na-florida","status":"publish","type":"post","link":"https:\/\/www.brazilianpress.com\/v1\/2023\/03\/06\/imigrante-e-sentenciado-a-60-anos-de-prisao-apos-matar-tio-que-lhe-deu-abrigo-na-florida\/","title":{"rendered":"Imigrante \u00e9 sentenciado a 60 anos de pris\u00e3o ap\u00f3s matar tio, que lhe deu abrigo na Florida"},"content":{"rendered":"<p><strong>O imigrante hondurenho que cruzou ilegalmente a fronteira para os Estados Unidos se passando por menor de idade foi condenado a 60 anos de pris\u00e3o por esfaquear at\u00e9 a morte um suposto parente que o acolheu na Fl\u00f3rida. Yery Noel Medina Ulloa, 25, se declarou culpado nesta sexta-feira de ferir mortalmente seu tio Francisco Javier Cuellar , 46, em fatos ocorridos em 2021.<\/strong><\/p>\n<p>Medina Ulloa havia sido acusado de homic\u00eddio em primeiro grau e altera\u00e7\u00e3o de provas pelo crime denunciado em 6 de outubro daquele ano. Naquele dia, os deputados do Gabinete do Xerife de Jacksonville responderam ao bloco 1200 de Homard Place ap\u00f3s uma liga\u00e7\u00e3o de que um homem coberto de sangue estava caminhando pela estrada antes de entrar em uma \u00e1rea arborizada. Depois de estabelecer um per\u00edmetro, os policiais encontraram o suspeito que era Medina Ulloa perto de um lago.<\/p>\n<p><img src=\"https:\/\/cbs12.com\/resources\/media\/98429d3e-1e46-4c05-bd04-3bfca5e70ae2-largeScale_court.JPG?1636664816046\" alt=\"Gov. DeSantis blames Biden immigration policies for Florida murder | WPEC\" \/><\/p>\n<p>O indocumentado, ent\u00e3o com 23 anos, foi flagrado pela c\u00e2mera esfaqueando Cuellar e batendo nele com uma cadeira , segundo evid\u00eancias coletadas pelas autoridades locais. Medina Ulloa ligou para a m\u00e3e chorando e repetiu: &#8220;Eu o matei &#8221; . Dias antes, a v\u00edtima teria cedido um espa\u00e7o em sua casa para Medina Ulloa. As autoridades indicaram que Medina Ulloa conseguiu se estabelecer na casa de seu tio depois de enganar os agentes de imigra\u00e7\u00e3o na fronteira sul, dizendo-lhes que tinha 17 anos. Medina Ulloa deu um nome falso \u00e0s autoridades de imigra\u00e7\u00e3o e alegou ser sete anos mais jovem<\/p>\n<p><img src=\"https:\/\/s3.amazonaws.com\/prod-wp-tunota\/wp-content\/uploads\/2023\/03\/principal_hondureno_yery_medina_sentencia_eeuu.jpg\" alt=\"Hondure\u00f1o fue sentenciado a 60 a\u00f1os de prisi\u00f3n por matar a su t\u00edo en EE.  UU. | Tu Nota\" \/><\/p>\n<p>O hondurenho havia sido intervindo quando tentava entrar nos Estados Unidos. Medina Ulloa deu um nome falso \u00e0s autoridades de imigra\u00e7\u00e3o e afirmou ser sete anos mais novo do que realmente era. As pol\u00edticas federais de imigra\u00e7\u00e3o estabelecem que menores desacompanhados que chegam \u00e0 fronteira devem ser colocados em abrigos em vez de serem devolvidos a seus pa\u00edses. Ap\u00f3s a fraude, Cuellar recebeu Medina Ulloa em sua casa onde morava com seus quatro filhos . Ele tamb\u00e9m lhe deu um emprego em uma loja da fam\u00edlia. Funcion\u00e1rios da imigra\u00e7\u00e3o n\u00e3o descobriram a farsa at\u00e9 depois do ataque mortal .<\/p>\n<p>Supostamente, o condenado matou seu parente porque foi atingido pelo parente . A raz\u00e3o para as diferen\u00e7as entre os dois n\u00e3o \u00e9 clara. Embora relatos do momento da pris\u00e3o do hondurenho indiquem a suposta rela\u00e7\u00e3o entre as partes; Mary Carmen, uma das filhas da v\u00edtima, disse ao New York Post que n\u00e3o tinha detalhes sobre o relacionamento entre seu pai e o filho adotivo. \u201cMeu pai me disse um dia que estava indo para o aeroporto, e ent\u00e3o esse cara apareceu do nada e estava trabalhando no dia seguinte\u201d, disse a mulher. &#8220;Eu realmente n\u00e3o perguntei&#8221;, acrescentou. A procuradora do estado, Melissa Nelson, disse em comunicado que a justi\u00e7a foi feita para um cidad\u00e3o leg\u00edtimo. &#8220;Como vimos repetidas vezes, o fracasso do governo federal em proteger a fronteira de nosso pa\u00eds levou a uma farsa na comunidade local&#8221;, disse o funcion\u00e1rio. \u201cDesta vez, tragicamente, foi a nossa comunidade, depois que um homem inocente foi assassinado por um imigrante indocumentado. Esta senten\u00e7a de 60 anos, no entanto, garante que Medina Ulloa nunca mais poder\u00e1 ferir um cidad\u00e3o cumpridor da lei\u201d, disse Nelson.<\/p>\n","protected":false},"excerpt":{"rendered":"<p>O imigrante hondurenho que cruzou ilegalmente a fronteira para os Estados Unidos se passando por menor de idade foi condenado a 60 anos de pris\u00e3o por esfaquear at\u00e9 a morte um suposto parente que o acolheu na Fl\u00f3rida. Yery Noel Medina Ulloa, 25, se declarou culpado nesta sexta-feira de ferir mortalmente seu tio Francisco Javier Cuellar , 46, em fatos ocorridos em 2021. Medina Ulloa havia sido acusado de homic\u00eddio em primeiro grau e altera\u00e7\u00e3o de provas pelo crime denunciado em 6 de outubro daquele ano. Naquele dia, os deputados do Gabinete do Xerife de Jacksonville responderam ao bloco 1200 [&hellip;]<\/p>\n","protected":false},"author":1,"featured_media":54469,"comment_status":"open","ping_status":"closed","sticky":false,"template":"","format":"standard","meta":{"_links_to":"","_links_to_target":""},"categories":[4,3,1],"tags":[],"views":932,"_links":{"self":[{"href":"https:\/\/www.brazilianpress.com\/v1\/wp-json\/wp\/v2\/posts\/54468"}],"collection":[{"href":"https:\/\/www.brazilianpress.com\/v1\/wp-json\/wp\/v2\/posts"}],"about":[{"href":"https:\/\/www.brazilianpress.com\/v1\/wp-json\/wp\/v2\/types\/post"}],"author":[{"embeddable":true,"href":"https:\/\/www.brazilianpress.com\/v1\/wp-json\/wp\/v2\/users\/1"}],"replies":[{"embeddable":true,"href":"https:\/\/www.brazilianpress.com\/v1\/wp-json\/wp\/v2\/comments?post=54468"}],"version-history":[{"count":1,"href":"https:\/\/www.brazilianpress.com\/v1\/wp-json\/wp\/v2\/posts\/54468\/revisions"}],"predecessor-version":[{"id":54470,"href":"https:\/\/www.brazilianpress.com\/v1\/wp-json\/wp\/v2\/posts\/54468\/revisions\/54470"}],"wp:featuredmedia":[{"embeddable":true,"href":"https:\/\/www.brazilianpress.com\/v1\/wp-json\/wp\/v2\/media\/54469"}],"wp:attachment":[{"href":"https:\/\/www.brazilianpress.com\/v1\/wp-json\/wp\/v2\/media?parent=54468"}],"wp:term":[{"taxonomy":"category","embeddable":true,"href":"https:\/\/www.brazilianpress.com\/v1\/wp-json\/wp\/v2\/categories?post=54468"},{"taxonomy":"post_tag","embeddable":true,"href":"https:\/\/www.brazilianpress.com\/v1\/wp-json\/wp\/v2\/tags?post=54468"}],"curies":[{"name":"wp","href":"https:\/\/api.w.org\/{rel}","templated":true}]}}