{"id":54474,"date":"2023-03-07T11:23:32","date_gmt":"2023-03-07T15:23:32","guid":{"rendered":"https:\/\/www.brazilianpress.com\/v1\/?p=54474"},"modified":"2023-03-07T11:23:32","modified_gmt":"2023-03-07T15:23:32","slug":"autoridades-confirmam-2-mortes-durante-confusao-no-show-da-rapper-glorilla-em-new-york","status":"publish","type":"post","link":"https:\/\/www.brazilianpress.com\/v1\/2023\/03\/07\/autoridades-confirmam-2-mortes-durante-confusao-no-show-da-rapper-glorilla-em-new-york\/","title":{"rendered":"Autoridades confirmam 2 mortes durante confus\u00e3o no show da rapper GloRilla, em New York"},"content":{"rendered":"<p><strong>A rapper GloRilla fez um show em Rochester, no estado de Nova York, no \u00faltimo domingo (5\/3). Entretanto, a apresenta\u00e7\u00e3o foi marcada por uma confus\u00e3o que terminou com duas mortes. A cantora se pronunciou sobre a trag\u00e9dia nas redes sociais e lamentou o ocorrido.<\/strong><\/p>\n<p>Segundo as autoridades do local, o tumulto teria come\u00e7ado ap\u00f3s algumas pessoas supostamente terem ouvido barulhos de tiro de arma de fogo na plateia. \u201cN\u00e3o havia evid\u00eancias para apoiar a ocorr\u00eancia de um tiroteio\u201d, explicou o tenente da pol\u00edcia de Rochester, Nicholas Adams, \u00e0 ABC News.<\/p>\n<p><img src=\"https:\/\/s2.glbimg.com\/RY1iTysvXmObJSTL-_NpOf0ECPU=\/0x0:5262x3508\/1008x0\/smart\/filters:strip_icc()\/i.s3.glbimg.com\/v1\/AUTH_59edd422c0c84a879bd37670ae4f538a\/internal_photos\/bs\/2023\/h\/v\/d2Ca4RToKwPLzwAAHzJQ\/ap23065577021772.jpg\" alt=\"Duas pessoas morrem em confus\u00e3o ap\u00f3s show da rapper GloRilla nos EUA |  Mundo | G1\" \/><\/p>\n<p>Durante uma coletiva de imprensa, realizada na \u00faltima segunda-feira (6\/3), por volta das 23h, ap\u00f3s as apresenta\u00e7\u00f5es de GloRilla e Finesses2tymes, in\u00fameras pessoas sa\u00edram correndo do local. Em um primeiro momento, a rapper escreveu que estava \u201crezando para que todos estejam bem\u201d.<\/p>\n<p><img src=\"https:\/\/i0.wp.com\/media.globalnews.ca\/videostatic\/news\/qcc0bcmuw1-zjoo8ayjvr\/RochedsterThumberSite.jpg?w=1040&amp;quality=70&amp;strip=all\" alt=\"Crowd crush leaves 2 dead, others injured at GloRilla concert in N.Y. -  National | Globalnews.ca\" \/><\/p>\n<p>Entretanto, ap\u00f3s a confirma\u00e7\u00e3o das duas mortes, a indicada ao Grammy por Melhor Performance de Rap, lamentou a trag\u00e9dia. \u201cEstou arrasada e com o cora\u00e7\u00e3o partido pelas tr\u00e1gicas mortes que aconteceram ap\u00f3s o show de domingo. Meus f\u00e3s significam o mundo para mim. Orando por suas fam\u00edlias e por uma r\u00e1pida recupera\u00e7\u00e3o de todos os afetados\u201d, completou.<\/p>\n<p><img src=\"https:\/\/media.khou.com\/assets\/KHOU\/images\/c394cde2-c36b-445b-ac39-02677fbc461b\/c394cde2-c36b-445b-ac39-02677fbc461b_1920x1080.jpg\" alt=\"GloRilla concert stampede: 2 dead, several hurt in New York | khou.com\" \/><\/p>\n<p><img src=\"https:\/\/townsquare.media\/site\/838\/files\/2023\/02\/attachment-glorilla-irvingplaza-48.jpg?w=1200&amp;h=0&amp;zc=1&amp;s=0&amp;a=t&amp;q=89\" alt=\"1 dead and others injured at GloRilla concert in Rochester\" \/><\/p>\n","protected":false},"excerpt":{"rendered":"<p>A rapper GloRilla fez um show em Rochester, no estado de Nova York, no \u00faltimo domingo (5\/3). Entretanto, a apresenta\u00e7\u00e3o foi marcada por uma confus\u00e3o que terminou com duas mortes. A cantora se pronunciou sobre a trag\u00e9dia nas redes sociais e lamentou o ocorrido. Segundo as autoridades do local, o tumulto teria come\u00e7ado ap\u00f3s algumas pessoas supostamente terem ouvido barulhos de tiro de arma de fogo na plateia. \u201cN\u00e3o havia evid\u00eancias para apoiar a ocorr\u00eancia de um tiroteio\u201d, explicou o tenente da pol\u00edcia de Rochester, Nicholas Adams, \u00e0 ABC News. Durante uma coletiva de imprensa, realizada na \u00faltima segunda-feira (6\/3), [&hellip;]<\/p>\n","protected":false},"author":1,"featured_media":54475,"comment_status":"open","ping_status":"closed","sticky":false,"template":"","format":"standard","meta":{"_links_to":"","_links_to_target":""},"categories":[3,1,10],"tags":[],"views":1025,"_links":{"self":[{"href":"https:\/\/www.brazilianpress.com\/v1\/wp-json\/wp\/v2\/posts\/54474"}],"collection":[{"href":"https:\/\/www.brazilianpress.com\/v1\/wp-json\/wp\/v2\/posts"}],"about":[{"href":"https:\/\/www.brazilianpress.com\/v1\/wp-json\/wp\/v2\/types\/post"}],"author":[{"embeddable":true,"href":"https:\/\/www.brazilianpress.com\/v1\/wp-json\/wp\/v2\/users\/1"}],"replies":[{"embeddable":true,"href":"https:\/\/www.brazilianpress.com\/v1\/wp-json\/wp\/v2\/comments?post=54474"}],"version-history":[{"count":1,"href":"https:\/\/www.brazilianpress.com\/v1\/wp-json\/wp\/v2\/posts\/54474\/revisions"}],"predecessor-version":[{"id":54476,"href":"https:\/\/www.brazilianpress.com\/v1\/wp-json\/wp\/v2\/posts\/54474\/revisions\/54476"}],"wp:featuredmedia":[{"embeddable":true,"href":"https:\/\/www.brazilianpress.com\/v1\/wp-json\/wp\/v2\/media\/54475"}],"wp:attachment":[{"href":"https:\/\/www.brazilianpress.com\/v1\/wp-json\/wp\/v2\/media?parent=54474"}],"wp:term":[{"taxonomy":"category","embeddable":true,"href":"https:\/\/www.brazilianpress.com\/v1\/wp-json\/wp\/v2\/categories?post=54474"},{"taxonomy":"post_tag","embeddable":true,"href":"https:\/\/www.brazilianpress.com\/v1\/wp-json\/wp\/v2\/tags?post=54474"}],"curies":[{"name":"wp","href":"https:\/\/api.w.org\/{rel}","templated":true}]}}