{"id":54483,"date":"2023-03-09T10:38:42","date_gmt":"2023-03-09T14:38:42","guid":{"rendered":"https:\/\/www.brazilianpress.com\/v1\/?p=54483"},"modified":"2023-03-09T10:38:42","modified_gmt":"2023-03-09T14:38:42","slug":"a-partir-do-dia-12-de-marco-passa-a-valer-o-horario-de-verao-nos-eua","status":"publish","type":"post","link":"https:\/\/www.brazilianpress.com\/v1\/2023\/03\/09\/a-partir-do-dia-12-de-marco-passa-a-valer-o-horario-de-verao-nos-eua\/","title":{"rendered":"A partir do dia 12 de mar\u00e7o, passa a valer o hor\u00e1rio de ver\u00e3o nos EUA"},"content":{"rendered":"<p><strong>Ao contr\u00e1rio do Brasil, nos Estados Unidos da Am\u00e9rica ainda tem uma distin\u00e7\u00e3o entre hor\u00e1rio de ver\u00e3o e hor\u00e1rio de inverno, mas isto n\u00e3o \u00e9 em todo o pa\u00eds. A pr\u00f3xima mudan\u00e7a de hor\u00e1rio na Cidade de New York ser\u00e1 no domingo, 12 de mar\u00e7o de 2023, \u00e0s 2h00, hora local, para o hor\u00e1rio de ver\u00e3o.<\/strong><\/p>\n","protected":false},"excerpt":{"rendered":"<p>Ao contr\u00e1rio do Brasil, nos Estados Unidos da Am\u00e9rica ainda tem uma distin\u00e7\u00e3o entre hor\u00e1rio de ver\u00e3o e hor\u00e1rio de inverno, mas isto n\u00e3o \u00e9 em todo o pa\u00eds. A pr\u00f3xima mudan\u00e7a de hor\u00e1rio na Cidade de New York ser\u00e1 no domingo, 12 de mar\u00e7o de 2023, \u00e0s 2h00, hora local, para o hor\u00e1rio de ver\u00e3o.<\/p>\n","protected":false},"author":1,"featured_media":38005,"comment_status":"open","ping_status":"closed","sticky":false,"template":"","format":"standard","meta":{"_links_to":"","_links_to_target":""},"categories":[1,10],"tags":[],"views":1284,"_links":{"self":[{"href":"https:\/\/www.brazilianpress.com\/v1\/wp-json\/wp\/v2\/posts\/54483"}],"collection":[{"href":"https:\/\/www.brazilianpress.com\/v1\/wp-json\/wp\/v2\/posts"}],"about":[{"href":"https:\/\/www.brazilianpress.com\/v1\/wp-json\/wp\/v2\/types\/post"}],"author":[{"embeddable":true,"href":"https:\/\/www.brazilianpress.com\/v1\/wp-json\/wp\/v2\/users\/1"}],"replies":[{"embeddable":true,"href":"https:\/\/www.brazilianpress.com\/v1\/wp-json\/wp\/v2\/comments?post=54483"}],"version-history":[{"count":1,"href":"https:\/\/www.brazilianpress.com\/v1\/wp-json\/wp\/v2\/posts\/54483\/revisions"}],"predecessor-version":[{"id":54484,"href":"https:\/\/www.brazilianpress.com\/v1\/wp-json\/wp\/v2\/posts\/54483\/revisions\/54484"}],"wp:featuredmedia":[{"embeddable":true,"href":"https:\/\/www.brazilianpress.com\/v1\/wp-json\/wp\/v2\/media\/38005"}],"wp:attachment":[{"href":"https:\/\/www.brazilianpress.com\/v1\/wp-json\/wp\/v2\/media?parent=54483"}],"wp:term":[{"taxonomy":"category","embeddable":true,"href":"https:\/\/www.brazilianpress.com\/v1\/wp-json\/wp\/v2\/categories?post=54483"},{"taxonomy":"post_tag","embeddable":true,"href":"https:\/\/www.brazilianpress.com\/v1\/wp-json\/wp\/v2\/tags?post=54483"}],"curies":[{"name":"wp","href":"https:\/\/api.w.org\/{rel}","templated":true}]}}