{"id":54485,"date":"2023-03-09T10:42:29","date_gmt":"2023-03-09T14:42:29","guid":{"rendered":"https:\/\/www.brazilianpress.com\/v1\/?p=54485"},"modified":"2023-03-09T10:42:29","modified_gmt":"2023-03-09T14:42:29","slug":"apos-abertura-de-supermercado-brasileiro-na-franca-cidade-se-revolta","status":"publish","type":"post","link":"https:\/\/www.brazilianpress.com\/v1\/2023\/03\/09\/apos-abertura-de-supermercado-brasileiro-na-franca-cidade-se-revolta\/","title":{"rendered":"Ap\u00f3s abertura de supermercado brasileiro na Fran\u00e7a, cidade se revolta"},"content":{"rendered":"<p><strong>A cidade de Sevran, na regi\u00e3o metropolitana de Paris, na Fran\u00e7a, lan\u00e7ou uma ofensiva contra a rede de supermercados brasileira Atacad\u00e3o na semana passada. Encabe\u00e7ada pelo prefeito da cidade, St\u00e9phane Blanchet, parte da popula\u00e7\u00e3o n\u00e3o quer a instala\u00e7\u00e3o de uma unidade do atacarejo na cidade por conta da quantidade de empregos que seria gerada.<\/strong><\/p>\n<p>A manifesta\u00e7\u00e3o pede a chegada de uma unidade do Carrefour, que \u00e9 dona da marca Atacad\u00e3o desde 2007 e possivelmente criaria mais postos de trabalho na loja no bairro de Beaudottes. A fim de mobilizar a popula\u00e7\u00e3o da cidade, o gabinete do prefeito garantiu que a hist\u00f3ria n\u00e3o &#8220;est\u00e1 mais na fase dos boatos\u201d, o que confirma a chegada da rede brasileira. Em nota, a empresa n\u00e3o confirma a informa\u00e7\u00e3o.<\/p>\n<p><img src=\"https:\/\/recordtvjapan.com\/wp-content\/uploads\/2023\/03\/2023030810.52.47.png\" alt=\"Cidade da Fran\u00e7a se revolta contra abertura de supermercado brasileiro -  Record TV Japan\" \/><\/p>\n<p>Sindicatos da cidade dizem, segundo o di\u00e1rio franc\u00eas Le Parisien, que \u201cdepois de v\u00e1rias reuni\u00f5es com o grupo Carrefour, n\u00e3o estamos tranquilos quanto ao futuro do local\u201d. A prefeitura chegou a criar um abaixo-assinado com os dizeres: &#8220;N\u00e3o ao Atacad\u00e3o&#8221;.<\/p>\n<p>De acordo com a mensagem online publicada na \u00faltima quinta-feira (2) no site da prefeitura, a instala\u00e7\u00e3o da loja do Atacad\u00e3o, que costuma vender em grandes volumes com pre\u00e7os atrativos, amea\u00e7aria &#8220;o emprego&#8221;, o &#8220;com\u00e9rcio local&#8221;, o &#8220;tr\u00e1fego rodovi\u00e1rio nas imedia\u00e7\u00f5es&#8221;, &#8220;o projeto de melhoramento do bairro em liga\u00e7\u00e3o com a esta\u00e7\u00e3o de trem&#8221; e &#8220;os h\u00e1bitos dos clientes ligados \u00e0s suas lojas&#8221;.<\/p>\n<p><img src=\"https:\/\/medias.revistaoeste.com\/media-prod\/wp-content\/uploads\/2023\/03\/campanha-da-prefeitura-de-sevran-contra-o-atacadao.webp\" alt=\"Cidade da Fran\u00e7a promove boicote contra supermercado brasileiro - Rede Bom  Dia\" \/><\/p>\n<p>O prefeito tamb\u00e9m escreveu no Twitter: &#8220;Este projeto de baixo custo do Carrefour amea\u00e7a 350 empregos em #Sevran, abre caminho para todos os carros, degrada a oferta comercial e p\u00f5e em causa o projeto de cidade sustent\u00e1vel, ecol\u00f3gica e solid\u00e1ria que estamos a construir&#8221;.<\/p>\n<p>No fim de janeiro, Zohra Abdallah, uma dirigente sindical da cidade, questionou: o que seria desses empregados se o projeto se concretizasse? \u201cEles ser\u00e3o transferidos para o franqueado, mas perder\u00e3o todas as garantias que temos no Carrefour\u201d, afirmou. \u201cQualquer transi\u00e7\u00e3o para o franchising [\u2026] \u00e9 sempre objeto de um di\u00e1logo social espec\u00edfico, permitindo que os colaboradores continuem a se beneficiar das suas vantagens durante um determinado per\u00edodo\u201d, informou o Carrefour ao di\u00e1rio Le Parisien, sem confirmar nem desmentir a futura loja do Atacad\u00e3o.<\/p>\n","protected":false},"excerpt":{"rendered":"<p>A cidade de Sevran, na regi\u00e3o metropolitana de Paris, na Fran\u00e7a, lan\u00e7ou uma ofensiva contra a rede de supermercados brasileira Atacad\u00e3o na semana passada. Encabe\u00e7ada pelo prefeito da cidade, St\u00e9phane Blanchet, parte da popula\u00e7\u00e3o n\u00e3o quer a instala\u00e7\u00e3o de uma unidade do atacarejo na cidade por conta da quantidade de empregos que seria gerada. A manifesta\u00e7\u00e3o pede a chegada de uma unidade do Carrefour, que \u00e9 dona da marca Atacad\u00e3o desde 2007 e possivelmente criaria mais postos de trabalho na loja no bairro de Beaudottes. A fim de mobilizar a popula\u00e7\u00e3o da cidade, o gabinete do prefeito garantiu que a [&hellip;]<\/p>\n","protected":false},"author":1,"featured_media":54486,"comment_status":"open","ping_status":"closed","sticky":false,"template":"","format":"standard","meta":{"_links_to":"","_links_to_target":""},"categories":[3,8,1],"tags":[],"views":2052,"_links":{"self":[{"href":"https:\/\/www.brazilianpress.com\/v1\/wp-json\/wp\/v2\/posts\/54485"}],"collection":[{"href":"https:\/\/www.brazilianpress.com\/v1\/wp-json\/wp\/v2\/posts"}],"about":[{"href":"https:\/\/www.brazilianpress.com\/v1\/wp-json\/wp\/v2\/types\/post"}],"author":[{"embeddable":true,"href":"https:\/\/www.brazilianpress.com\/v1\/wp-json\/wp\/v2\/users\/1"}],"replies":[{"embeddable":true,"href":"https:\/\/www.brazilianpress.com\/v1\/wp-json\/wp\/v2\/comments?post=54485"}],"version-history":[{"count":1,"href":"https:\/\/www.brazilianpress.com\/v1\/wp-json\/wp\/v2\/posts\/54485\/revisions"}],"predecessor-version":[{"id":54487,"href":"https:\/\/www.brazilianpress.com\/v1\/wp-json\/wp\/v2\/posts\/54485\/revisions\/54487"}],"wp:featuredmedia":[{"embeddable":true,"href":"https:\/\/www.brazilianpress.com\/v1\/wp-json\/wp\/v2\/media\/54486"}],"wp:attachment":[{"href":"https:\/\/www.brazilianpress.com\/v1\/wp-json\/wp\/v2\/media?parent=54485"}],"wp:term":[{"taxonomy":"category","embeddable":true,"href":"https:\/\/www.brazilianpress.com\/v1\/wp-json\/wp\/v2\/categories?post=54485"},{"taxonomy":"post_tag","embeddable":true,"href":"https:\/\/www.brazilianpress.com\/v1\/wp-json\/wp\/v2\/tags?post=54485"}],"curies":[{"name":"wp","href":"https:\/\/api.w.org\/{rel}","templated":true}]}}