{"id":54488,"date":"2023-03-10T12:35:54","date_gmt":"2023-03-10T16:35:54","guid":{"rendered":"https:\/\/www.brazilianpress.com\/v1\/?p=54488"},"modified":"2023-03-10T12:35:54","modified_gmt":"2023-03-10T16:35:54","slug":"francisco-sampa-um-dia-que-comecou-com-130-mortes-em-new-york-2","status":"publish","type":"post","link":"https:\/\/www.brazilianpress.com\/v1\/2023\/03\/10\/francisco-sampa-um-dia-que-comecou-com-130-mortes-em-new-york-2\/","title":{"rendered":"Francisco Sampa: Um Dia que Come\u00e7ou com 130 Mortes em New York"},"content":{"rendered":"<p><strong>Em 8 de mar\u00e7o de 1857, h\u00e1 166 anos, 130 mulheres guerreiras tiveram suas vidas ceifadas por tresloucados gananciosos da cidade de New York. Na luta por dias melhores essas mulheres queriam redu\u00e7\u00e3o da jornada de trabalho na luta pelo suado p\u00e3o de cada dia e pagaram com a pr\u00f3pria vida. Foi um dia fat\u00eddico para a hist\u00f3ria desta na\u00e7\u00e3o e de toda a humanidade, onde 130 mulheres foram trancadas e queimadas vivas na luta por melhores condi\u00e7\u00f5es de trabalho.<\/strong><\/p>\n<p>Desde ent\u00e3o 161 anos j\u00e1 se passaram deste dia de horror na vida dessas m\u00e3es, esposas, filhas, irm\u00e3s e de seus familiares. Desde 1975 atrav\u00e9s de um decreto da ONU a data \u00e9 lembrada em todo o mundo como o Dia Internacional da Mulher. N\u00e3o deve ser um dia s\u00f3 para se presentear, jantares e flores, deve ser um dia de reflex\u00e3o sobre se as 130 mortes n\u00e3o foram em v\u00e3o, interrogando nossas mentes.<\/p>\n<p>E nesta data queremos prestar uma homenagem \u00e0s nossas mulheres guerreiras, brasileiras \u00a0e estrangeiras imigrantes nos Estados Unidos e por todo o planeta, al\u00e9m daquelas que ficaram por l\u00e1 nos Vales das Gerais, no Planalto de Piratininga, nas palafitas do Amazonas, nas Plan\u00edcies dos Pampas, no Planalto Central, no Rio lindo de Janeiro, sob as pontes do Capibaribe, das montanhas e campos, vales e cidades do Brasil, mulheres que deixaram seus amados e amantes, seus rebentos, partiram deixando-as para tr\u00e1s ou ficaram acenando ao v\u00ea-los partir rumo ao desconhecido na busca por um futuro promissor, nossas m\u00e3es, esposas, filhas, irm\u00e3s e amigas de c\u00e1 e de l\u00e1. Mulheres que nos d\u00e3o o colo, o seio farto, o ventre aconchegante, a l\u00e1grima triste na partida, o sorriso e o abra\u00e7o apertado e amigo na chegada.<\/p>\n<p>Em terras estrangeiras cuidam de nosso ser, s\u00e3o amigas amantes, amadas, um sorriso meigo, a m\u00e3o que afaga, a mo\u00e7a que baila nos palcos e nos stages da vida, alimentando nossa libido, saciando nossas vontades, essas mulheres que amam e s\u00e3o amadas, lutadoras, guerreiras de uma batalha na busca de um sonho e dias melhores para elas e todos seus entes queridos. \u00c9 chegada a hora de reconhecer, cuidar e proteger essas valentes e abnegadas mulheres, que em v\u00e1rias partes do mundo sofrem com o preconceito e a desvaloriza\u00e7\u00e3o da mulher, mesmo com todos os avan\u00e7os do S\u00e9culo 21 e da vida moderna que vivemos, elas ainda sofrem com baixos sal\u00e1rios, viol\u00eancia masculina, desvantagens na carreira profissional e jornadas excessivas de trabalho. \u00c9 hora de modificar essa hist\u00f3ria, reconhecer em voc\u00ea mulher, o poder que emana de tuas entranhas, o dom da vida de gerar e procriar, projetar e executar.<\/p>\n<p>H\u00e1 161 anos, 130 foram queimadas vivas, nos dias de hoje quantas s\u00e3o mortas diariamente? Violentadas em seus direitos? M\u00e3es que viram seus filhos partir para uma guerra imoral como todas as guerras, esposas que disseram adeus a seus maridos rumo a uma batalha insana, irm\u00e3s que abra\u00e7aram os irm\u00e3os na despedida, filhas que beijaram o pai rumo a uma luta sangrenta ou silenciosa, m\u00e3es com o cora\u00e7\u00e3o apertado, no beijo no abra\u00e7o e no adeus da despedida. Mulheres que lutaram e continuar\u00e3o a lutar por seus sonhos, n\u00f3s da fam\u00edlia Brazilian Press desejamos a voc\u00eas, que s\u00e3o o p\u00e3o que alimenta nosso corpo e a rosa que perfuma nossas almas, um feliz dia e que todos os dias, como \u00e9 comum na vida de todos n\u00f3s, seja o Dia Universal da Mulher. O p\u00e3o e as rosas de nossa exist\u00eancia. Felicidades, m\u00e3es, irm\u00e3s, filhas, amantes, amadas, esposas, as mulheres da minha, da sua e das nossas vidas. Que Deus lhes conceda dias aben\u00e7oados e pr\u00f3speros eternamente.<\/p>\n","protected":false},"excerpt":{"rendered":"<p>Em 8 de mar\u00e7o de 1857, h\u00e1 166 anos, 130 mulheres guerreiras tiveram suas vidas ceifadas por tresloucados gananciosos da cidade de New York. Na luta por dias melhores essas mulheres queriam redu\u00e7\u00e3o da jornada de trabalho na luta pelo suado p\u00e3o de cada dia e pagaram com a pr\u00f3pria vida. Foi um dia fat\u00eddico para a hist\u00f3ria desta na\u00e7\u00e3o e de toda a humanidade, onde 130 mulheres foram trancadas e queimadas vivas na luta por melhores condi\u00e7\u00f5es de trabalho. Desde ent\u00e3o 161 anos j\u00e1 se passaram deste dia de horror na vida dessas m\u00e3es, esposas, filhas, irm\u00e3s e de [&hellip;]<\/p>\n","protected":false},"author":1,"featured_media":53816,"comment_status":"open","ping_status":"closed","sticky":false,"template":"","format":"standard","meta":{"_links_to":"","_links_to_target":""},"categories":[17,1],"tags":[],"views":1905,"_links":{"self":[{"href":"https:\/\/www.brazilianpress.com\/v1\/wp-json\/wp\/v2\/posts\/54488"}],"collection":[{"href":"https:\/\/www.brazilianpress.com\/v1\/wp-json\/wp\/v2\/posts"}],"about":[{"href":"https:\/\/www.brazilianpress.com\/v1\/wp-json\/wp\/v2\/types\/post"}],"author":[{"embeddable":true,"href":"https:\/\/www.brazilianpress.com\/v1\/wp-json\/wp\/v2\/users\/1"}],"replies":[{"embeddable":true,"href":"https:\/\/www.brazilianpress.com\/v1\/wp-json\/wp\/v2\/comments?post=54488"}],"version-history":[{"count":1,"href":"https:\/\/www.brazilianpress.com\/v1\/wp-json\/wp\/v2\/posts\/54488\/revisions"}],"predecessor-version":[{"id":54489,"href":"https:\/\/www.brazilianpress.com\/v1\/wp-json\/wp\/v2\/posts\/54488\/revisions\/54489"}],"wp:featuredmedia":[{"embeddable":true,"href":"https:\/\/www.brazilianpress.com\/v1\/wp-json\/wp\/v2\/media\/53816"}],"wp:attachment":[{"href":"https:\/\/www.brazilianpress.com\/v1\/wp-json\/wp\/v2\/media?parent=54488"}],"wp:term":[{"taxonomy":"category","embeddable":true,"href":"https:\/\/www.brazilianpress.com\/v1\/wp-json\/wp\/v2\/categories?post=54488"},{"taxonomy":"post_tag","embeddable":true,"href":"https:\/\/www.brazilianpress.com\/v1\/wp-json\/wp\/v2\/tags?post=54488"}],"curies":[{"name":"wp","href":"https:\/\/api.w.org\/{rel}","templated":true}]}}