{"id":54569,"date":"2023-03-18T12:51:17","date_gmt":"2023-03-18T16:51:17","guid":{"rendered":"https:\/\/www.brazilianpress.com\/v1\/?p=54569"},"modified":"2023-03-18T12:51:17","modified_gmt":"2023-03-18T16:51:17","slug":"producao-industrial-brasileira-registra-menor-indice-desde-2017-diz-cni","status":"publish","type":"post","link":"https:\/\/www.brazilianpress.com\/v1\/2023\/03\/18\/producao-industrial-brasileira-registra-menor-indice-desde-2017-diz-cni\/","title":{"rendered":"Produ\u00e7\u00e3o industrial brasileira registra menor \u00edndice desde 2017, diz CNI"},"content":{"rendered":"<p><strong>A atividade industrial segue em tend\u00eancia de desaquecimento neste in\u00edcio de 2023 &#8211; o indicador caiu 2,7 pontos. Os dados da Sondagem Industrial, levantamento feito pela Confedera\u00e7\u00e3o Nacional da Ind\u00fastria (CNI), divulgados na quinta-feira (16), mostram quedas nos \u00edndices de produ\u00e7\u00e3o e emprego, respectivamente, de 47,9 pontos para 45,2 pontos e de 49,2 pontos para 48,5 pontos, de janeiro para fevereiro.<\/strong><\/p>\n<p>De acordo com a CNI, esses indicadores variam de zero a 100 e quanto mais distante da linha de corte, em dire\u00e7\u00e3o ao zero, maior e mais disseminado \u00e9 o recuo. Apesar de ser comum para o per\u00edodo, este ano a queda da produ\u00e7\u00e3o e do emprego foi mais intensa do que nos anos anteriores.<\/p>\n<p>\u201cA produ\u00e7\u00e3o costuma recuar mesmo na passagem de janeiro para fevereiro, por\u00e9m, de 2017 para c\u00e1, este foi o menor \u00edndice. O n\u00famero tamb\u00e9m \u00e9 menor que a m\u00e9dia hist\u00f3rica para o m\u00eas, com 46,5 pontos\u201d, disse o gerente de An\u00e1lise Econ\u00f4mica da CNI, Marcelo Azevedo.<\/p>\n<p><strong>Otimismo moderado<\/strong><\/p>\n<p>Na passagem de fevereiro para mar\u00e7o de 2023, os \u00edndices de expectativa para os pr\u00f3ximos seis meses mudaram pouco, segundo o levantamento. Apesar de seguirem acima dos 50 pontos, de uma forma geral, todos s\u00e3o inferiores \u00e0s suas respectivas m\u00e9dias hist\u00f3ricas, o que significa um otimismo moderado.<\/p>\n<p>O \u00edndice de inten\u00e7\u00e3o de investimento ficou em 53,6 pontos em mar\u00e7o de 2023, e apresenta um recuo de 0,4 ponto na compara\u00e7\u00e3o com fevereiro. Por\u00e9m, segue acima da m\u00e9dia hist\u00f3rica de 51,5 pontos e revela inten\u00e7\u00e3o de investir acima do usual.<\/p>\n<p>A Sondagem Industrial \u00e9 uma pesquisa mensal que ouve pequenas, m\u00e9dias e grandes ind\u00fastrias para avaliar evolu\u00e7\u00e3o da produ\u00e7\u00e3o; n\u00famero de empregados; utiliza\u00e7\u00e3o m\u00e9dia da capacidade instalada; n\u00edvel de estoques e estoque efetivo em rela\u00e7\u00e3o ao planejado; expectativas e inten\u00e7\u00e3o de investimento. Foram consultadas 1.637 empresas entre 1\u00ba e 9 de mar\u00e7o de 2023. (ABr)<\/p>\n","protected":false},"excerpt":{"rendered":"<p>A atividade industrial segue em tend\u00eancia de desaquecimento neste in\u00edcio de 2023 &#8211; o indicador caiu 2,7 pontos. Os dados da Sondagem Industrial, levantamento feito pela Confedera\u00e7\u00e3o Nacional da Ind\u00fastria (CNI), divulgados na quinta-feira (16), mostram quedas nos \u00edndices de produ\u00e7\u00e3o e emprego, respectivamente, de 47,9 pontos para 45,2 pontos e de 49,2 pontos para 48,5 pontos, de janeiro para fevereiro. De acordo com a CNI, esses indicadores variam de zero a 100 e quanto mais distante da linha de corte, em dire\u00e7\u00e3o ao zero, maior e mais disseminado \u00e9 o recuo. Apesar de ser comum para o per\u00edodo, este [&hellip;]<\/p>\n","protected":false},"author":1,"featured_media":54570,"comment_status":"open","ping_status":"closed","sticky":false,"template":"","format":"standard","meta":{"_links_to":"","_links_to_target":""},"categories":[7,1],"tags":[],"views":790,"_links":{"self":[{"href":"https:\/\/www.brazilianpress.com\/v1\/wp-json\/wp\/v2\/posts\/54569"}],"collection":[{"href":"https:\/\/www.brazilianpress.com\/v1\/wp-json\/wp\/v2\/posts"}],"about":[{"href":"https:\/\/www.brazilianpress.com\/v1\/wp-json\/wp\/v2\/types\/post"}],"author":[{"embeddable":true,"href":"https:\/\/www.brazilianpress.com\/v1\/wp-json\/wp\/v2\/users\/1"}],"replies":[{"embeddable":true,"href":"https:\/\/www.brazilianpress.com\/v1\/wp-json\/wp\/v2\/comments?post=54569"}],"version-history":[{"count":1,"href":"https:\/\/www.brazilianpress.com\/v1\/wp-json\/wp\/v2\/posts\/54569\/revisions"}],"predecessor-version":[{"id":54571,"href":"https:\/\/www.brazilianpress.com\/v1\/wp-json\/wp\/v2\/posts\/54569\/revisions\/54571"}],"wp:featuredmedia":[{"embeddable":true,"href":"https:\/\/www.brazilianpress.com\/v1\/wp-json\/wp\/v2\/media\/54570"}],"wp:attachment":[{"href":"https:\/\/www.brazilianpress.com\/v1\/wp-json\/wp\/v2\/media?parent=54569"}],"wp:term":[{"taxonomy":"category","embeddable":true,"href":"https:\/\/www.brazilianpress.com\/v1\/wp-json\/wp\/v2\/categories?post=54569"},{"taxonomy":"post_tag","embeddable":true,"href":"https:\/\/www.brazilianpress.com\/v1\/wp-json\/wp\/v2\/tags?post=54569"}],"curies":[{"name":"wp","href":"https:\/\/api.w.org\/{rel}","templated":true}]}}