{"id":54578,"date":"2023-03-20T12:10:37","date_gmt":"2023-03-20T16:10:37","guid":{"rendered":"https:\/\/www.brazilianpress.com\/v1\/?p=54578"},"modified":"2023-03-20T12:10:37","modified_gmt":"2023-03-20T16:10:37","slug":"deportado-o-mineiro-preso-em-massachussetts-procurado-pela-justica-brasileira","status":"publish","type":"post","link":"https:\/\/www.brazilianpress.com\/v1\/2023\/03\/20\/deportado-o-mineiro-preso-em-massachussetts-procurado-pela-justica-brasileira\/","title":{"rendered":"Deportado o mineiro preso em Massachussetts, procurado pela Justi\u00e7a brasileira"},"content":{"rendered":"<p><strong>No dia 10, o brasileiro Jairo Soares Pereira, 37 anos, foi deportado dos Estados Unidos depois de passar um per\u00edodo sobre a cust\u00f3dia do Departamento de Imigra\u00e7\u00e3o e Alf\u00e2ndega (ICE, sigla em ingl\u00eas). Ele era um foragido da justi\u00e7a brasileira, onde tinha sido condenado por fraude.<\/strong><\/p>\n<p>De acordo com as informa\u00e7\u00f5es, em setembro de 2019 ele foi condenado na cidade de Itambacuri, Minas Gerais, por crime de fraude e sentenciado a cumprir uma pena de pris\u00e3o de tr\u00eas anos e quatro meses.<\/p>\n<p><img src=\"https:\/\/static.braziliantimes.com\/assets\/base\/9cc\/0c3\/78c\/993-621-jairo_foi_preso_em_malden.jpg\" \/><\/p>\n<p>\u201cOs perpetradores desse tipo de crime se importam muito pouco com o estrago que causam \u00e0s v\u00edtimas envolvidas, mas o ERO\/Boston e nossos parceiros sim\u201d, disse o diretor da ag\u00eancia em Boston, Todd Lyons. \u201cEsta pris\u00e3o e subsequente deporta\u00e7\u00e3o de fugitivos \u00e9 resultado direto do apoio cr\u00edtico e da coopera\u00e7\u00e3o de nossos parceiros policiais internacionais e locais \u2013 homens e mulheres cuja dedica\u00e7\u00e3o deve ser aplaudida\u201d.<\/p>\n<p>O ERO divulgou o relat\u00f3rio sobre o caso do brasileiro e disse que em abril de 2021, a Patrulha de Fronteira dos EUA prendeu Jairo perto de San Luis, no Arizona, e o acusou de inadmissibilidade de acordo com a lei de imigra\u00e7\u00e3o dos EUA. Ele recebeu uma notifica\u00e7\u00e3o para comparecer perante um juiz federal antes de ser liberado com uma ordem de comparecimento.<\/p>\n<p>Depois que os funcion\u00e1rios do ERO\/Boston foram alertados pelas autoridades brasileiras sobre o status de fugitivo, os oficiais da Equipe de Opera\u00e7\u00f5es Fugitivas o localizaram e prenderam, sem incidentes, na cidade de Malden, no dia 21 de fevereiro. Um voo coordenado pela Unidade de Opera\u00e7\u00f5es A\u00e9reas do ICE levou Jairo, um cidad\u00e3o brasileiro com ordem final de remo\u00e7\u00e3o, at\u00e9 o Aeroporto Internacional Tancredo Neves, em Belo Horizonte, Minas Gerais. No ano fiscal de 2022, o ERO prendeu 46.396 imigrantes com antecedentes criminais. Neste grupo tinha acusados e condenados por ofensas sexuais, agress\u00e3o sexual, crimes com armas, crimes relacionados a homic\u00eddios e crimes de sequestro.<\/p>\n<p>\/\/ Brazilian Times<\/p>\n","protected":false},"excerpt":{"rendered":"<p>No dia 10, o brasileiro Jairo Soares Pereira, 37 anos, foi deportado dos Estados Unidos depois de passar um per\u00edodo sobre a cust\u00f3dia do Departamento de Imigra\u00e7\u00e3o e Alf\u00e2ndega (ICE, sigla em ingl\u00eas). Ele era um foragido da justi\u00e7a brasileira, onde tinha sido condenado por fraude. De acordo com as informa\u00e7\u00f5es, em setembro de 2019 ele foi condenado na cidade de Itambacuri, Minas Gerais, por crime de fraude e sentenciado a cumprir uma pena de pris\u00e3o de tr\u00eas anos e quatro meses. \u201cOs perpetradores desse tipo de crime se importam muito pouco com o estrago que causam \u00e0s v\u00edtimas envolvidas, [&hellip;]<\/p>\n","protected":false},"author":1,"featured_media":54579,"comment_status":"open","ping_status":"closed","sticky":false,"template":"","format":"standard","meta":{"_links_to":"","_links_to_target":""},"categories":[4,3,1],"tags":[],"views":1474,"_links":{"self":[{"href":"https:\/\/www.brazilianpress.com\/v1\/wp-json\/wp\/v2\/posts\/54578"}],"collection":[{"href":"https:\/\/www.brazilianpress.com\/v1\/wp-json\/wp\/v2\/posts"}],"about":[{"href":"https:\/\/www.brazilianpress.com\/v1\/wp-json\/wp\/v2\/types\/post"}],"author":[{"embeddable":true,"href":"https:\/\/www.brazilianpress.com\/v1\/wp-json\/wp\/v2\/users\/1"}],"replies":[{"embeddable":true,"href":"https:\/\/www.brazilianpress.com\/v1\/wp-json\/wp\/v2\/comments?post=54578"}],"version-history":[{"count":1,"href":"https:\/\/www.brazilianpress.com\/v1\/wp-json\/wp\/v2\/posts\/54578\/revisions"}],"predecessor-version":[{"id":54580,"href":"https:\/\/www.brazilianpress.com\/v1\/wp-json\/wp\/v2\/posts\/54578\/revisions\/54580"}],"wp:featuredmedia":[{"embeddable":true,"href":"https:\/\/www.brazilianpress.com\/v1\/wp-json\/wp\/v2\/media\/54579"}],"wp:attachment":[{"href":"https:\/\/www.brazilianpress.com\/v1\/wp-json\/wp\/v2\/media?parent=54578"}],"wp:term":[{"taxonomy":"category","embeddable":true,"href":"https:\/\/www.brazilianpress.com\/v1\/wp-json\/wp\/v2\/categories?post=54578"},{"taxonomy":"post_tag","embeddable":true,"href":"https:\/\/www.brazilianpress.com\/v1\/wp-json\/wp\/v2\/tags?post=54578"}],"curies":[{"name":"wp","href":"https:\/\/api.w.org\/{rel}","templated":true}]}}