{"id":54593,"date":"2023-03-23T11:55:57","date_gmt":"2023-03-23T15:55:57","guid":{"rendered":"https:\/\/www.brazilianpress.com\/v1\/?p=54593"},"modified":"2023-03-23T11:55:57","modified_gmt":"2023-03-23T15:55:57","slug":"populacao-do-canada-cresceu-em-mais-de-1-milhao-de-pessoas-em-2022-empurrada-pelos-imigrantes","status":"publish","type":"post","link":"https:\/\/www.brazilianpress.com\/v1\/2023\/03\/23\/populacao-do-canada-cresceu-em-mais-de-1-milhao-de-pessoas-em-2022-empurrada-pelos-imigrantes\/","title":{"rendered":"Popula\u00e7\u00e3o do Canad\u00e1 cresceu em mais de 1 milh\u00e3o de pessoas em 2022, empurrada pelos imigrantes"},"content":{"rendered":"<p><strong>A popula\u00e7\u00e3o do Canad\u00e1 cresceu, em 2022, em mais de um milh\u00e3o de pessoas, reportou o gabinete de estat\u00edsticas do pa\u00eds norte-americano. Esta expans\u00e3o demogr\u00e1fica deve-se \u00e0 imigra\u00e7\u00e3o que o Governo promoveu para refor\u00e7ar postos de trabalho com pouca procura. \u00c9 a maior desde 1957.<\/strong><\/p>\n<p>Este \u00e9 um processo que tem ajudado a lutar contra o envelhecimento da popula\u00e7\u00e3o do Canad\u00e1. Apesar de fatores positivos, o gabinete de estat\u00edsticas do pa\u00eds lembrou que\u00a0o crescimento da popula\u00e7\u00e3o traz alguns problemas em certas regi\u00f5es do pa\u00eds, relacionados com alojamento, infraestruturas e transportes.<\/p>\n<p><img src=\"https:\/\/cdn-images.rtp.pt\/icm\/noticias\/images\/cd\/cd2d3d6a003a0311a365370548e7ace5?w=860&amp;q=90&amp;rect=0,131,1502,823\" alt=\"De acordo com o estudo, 96 por cento do crescimento da popula\u00e7\u00e3o deveu-se \u00e0 imigra\u00e7\u00e3o\n\" \/><\/p>\n<p>De acordo com o estudo,\u00a096 por cento do crescimento da popula\u00e7\u00e3o deveu-se \u00e0 imigra\u00e7\u00e3o. Isto deve-se sobretudo aos esfor\u00e7os de Justin Trudeau, que assumiu a meta de aceitar, at\u00e9 2025, pelo menos meio milh\u00e3o de migrantes por ano.Refugiados do Afeganist\u00e3o e Ucr\u00e2nia t\u00eam sido aceites pelo Canad\u00e1, sendo que j\u00e1 este ano o pa\u00eds est\u00e1 aceitar refugiados da Turquia e S\u00edria, v\u00edtimas dos violentos sismos de fevereiro.<\/p>\n<p>Na quarta-feira, o Governo canadiano aceitou uma extens\u00e3o, at\u00e9 julho, do programa que oferece asilo tempor\u00e1rio a ucranianos e respetivas fam\u00edlias. At\u00e9 agora foram aprovados mais de 600 mil pedidos para entrar no Canad\u00e1. \u201cOs canadianos adoram pensar que o mundo os acha mais abertos, liberais e acolhedores mas tudo isto s\u00e3o ideias sem sentido\u201d, disse o Professor Randall Hansen, da Universidade de Toronto, em declara\u00e7\u00f5es citadas pela BBC.<\/p>\n<p>Hansen acredita que esta atitude canadiana se deve a uma tentativa de distanciamento do vizinho do sul, os Estados Unidos.Este tipo de crescimento no Canad\u00e1 s\u00f3 tem paralelo em 1957, ap\u00f3s a II Guerra Mundial e a revolu\u00e7\u00e3o na Hungria. O Canad\u00e1 acolheu, no ano passado, pelo menos 437 mil migrantes, ao passo que o n\u00famero de residentes n\u00e3o-permanentes cresceu para os 607 mil, tornando o ano de 2022 num ano de recordes na imigra\u00e7\u00e3o. De acordo com o gabinete de Estat\u00edsticas do Canad\u00e1,\u00a0caso o crescimento da popula\u00e7\u00e3o no pa\u00eds se mantenha, o n\u00famero de pessoas a viver no Canad\u00e1 pode ser o dobro nos pr\u00f3ximos 26 anos.<\/p>\n","protected":false},"excerpt":{"rendered":"<p>A popula\u00e7\u00e3o do Canad\u00e1 cresceu, em 2022, em mais de um milh\u00e3o de pessoas, reportou o gabinete de estat\u00edsticas do pa\u00eds norte-americano. Esta expans\u00e3o demogr\u00e1fica deve-se \u00e0 imigra\u00e7\u00e3o que o Governo promoveu para refor\u00e7ar postos de trabalho com pouca procura. \u00c9 a maior desde 1957. Este \u00e9 um processo que tem ajudado a lutar contra o envelhecimento da popula\u00e7\u00e3o do Canad\u00e1. Apesar de fatores positivos, o gabinete de estat\u00edsticas do pa\u00eds lembrou que\u00a0o crescimento da popula\u00e7\u00e3o traz alguns problemas em certas regi\u00f5es do pa\u00eds, relacionados com alojamento, infraestruturas e transportes. De acordo com o estudo,\u00a096 por cento do crescimento da [&hellip;]<\/p>\n","protected":false},"author":1,"featured_media":50837,"comment_status":"open","ping_status":"closed","sticky":false,"template":"","format":"standard","meta":{"_links_to":"","_links_to_target":""},"categories":[3,8,1],"tags":[],"views":1129,"_links":{"self":[{"href":"https:\/\/www.brazilianpress.com\/v1\/wp-json\/wp\/v2\/posts\/54593"}],"collection":[{"href":"https:\/\/www.brazilianpress.com\/v1\/wp-json\/wp\/v2\/posts"}],"about":[{"href":"https:\/\/www.brazilianpress.com\/v1\/wp-json\/wp\/v2\/types\/post"}],"author":[{"embeddable":true,"href":"https:\/\/www.brazilianpress.com\/v1\/wp-json\/wp\/v2\/users\/1"}],"replies":[{"embeddable":true,"href":"https:\/\/www.brazilianpress.com\/v1\/wp-json\/wp\/v2\/comments?post=54593"}],"version-history":[{"count":1,"href":"https:\/\/www.brazilianpress.com\/v1\/wp-json\/wp\/v2\/posts\/54593\/revisions"}],"predecessor-version":[{"id":54594,"href":"https:\/\/www.brazilianpress.com\/v1\/wp-json\/wp\/v2\/posts\/54593\/revisions\/54594"}],"wp:featuredmedia":[{"embeddable":true,"href":"https:\/\/www.brazilianpress.com\/v1\/wp-json\/wp\/v2\/media\/50837"}],"wp:attachment":[{"href":"https:\/\/www.brazilianpress.com\/v1\/wp-json\/wp\/v2\/media?parent=54593"}],"wp:term":[{"taxonomy":"category","embeddable":true,"href":"https:\/\/www.brazilianpress.com\/v1\/wp-json\/wp\/v2\/categories?post=54593"},{"taxonomy":"post_tag","embeddable":true,"href":"https:\/\/www.brazilianpress.com\/v1\/wp-json\/wp\/v2\/tags?post=54593"}],"curies":[{"name":"wp","href":"https:\/\/api.w.org\/{rel}","templated":true}]}}