{"id":54595,"date":"2023-03-23T17:33:57","date_gmt":"2023-03-23T21:33:57","guid":{"rendered":"https:\/\/www.brazilianpress.com\/v1\/?p=54595"},"modified":"2023-03-23T17:33:57","modified_gmt":"2023-03-23T21:33:57","slug":"para-aumentar-a-forca-de-trabalho-e-impulsionar-a-economia-casa-branca-incentiva-imigracao","status":"publish","type":"post","link":"https:\/\/www.brazilianpress.com\/v1\/2023\/03\/23\/para-aumentar-a-forca-de-trabalho-e-impulsionar-a-economia-casa-branca-incentiva-imigracao\/","title":{"rendered":"Para aumentar a for\u00e7a de trabalho e impulsionar a economia, Casa Branca incentiva imigra\u00e7\u00e3o"},"content":{"rendered":"<p><strong>A Casa Branca v\u00ea a necessidade de aumentar a migra\u00e7\u00e3o e aumentar os gastos com cuidados infantis para aumentar a for\u00e7a de trabalho cada vez menor do pa\u00eds. Isso \u00e9 afirmado no relat\u00f3rio anual do Conselho de Assessores Econ\u00f4micos\u00a0do presidente Joe Biden , publicado na segunda-feira.<\/strong><\/p>\n<p>No relat\u00f3rio, os conselheiros dizem que o pa\u00eds enfrenta &#8220;uma grande escassez&#8221; de m\u00e3o de obra \u00e0 medida que se recupera da pandemia do COVID-19. Eles apontaram que a falta de trabalhadores no mercado de trabalho n\u00e3o se deve apenas ao coronav\u00edrus, mas tamb\u00e9m a tend\u00eancias demogr\u00e1ficas de longo prazo e \u00e0 menor participa\u00e7\u00e3o de adultos nesse mercado.<\/p>\n<p>O relat\u00f3rio chama a aten\u00e7\u00e3o para o fato de que, sem o aumento da imigra\u00e7\u00e3o e os esfor\u00e7os para encorajar mais adultos a participar do mercado de trabalho, a for\u00e7a de trabalho provavelmente permanecer\u00e1 &#8220;limitada no futuro&#8221;. Assim, eles sugeriram &#8220;pol\u00edticas proativas&#8221;, como aumento dos gastos com creches, aumento da migra\u00e7\u00e3o e maior poder de barganha para os trabalhadores aumentarem a for\u00e7a de trabalho.<\/p>\n<p>Caso contr\u00e1rio, eles alertaram para o &#8220;impacto negativo&#8221; nos padr\u00f5es de vida de um menor crescimento econ\u00f4mico devido \u00e0 menor participa\u00e7\u00e3o dos adultos no mercado de trabalho e ao envelhecimento da popula\u00e7\u00e3o. Durante a pandemia, ocorreu um fen\u00f4meno conhecido como \u201ca grande demiss\u00e3o\u201d em que muitos trabalhadores do pa\u00eds se demitiram voluntariamente de seus empregos. Em fevereiro, a taxa de desemprego nos Estados Unidos cresceu 2 d\u00e9cimos e situou-se em 3,6%, ap\u00f3s tr\u00eas meses consecutivos em que tinha ca\u00eddo, numa altura em que os olhos se voltam para os efeitos que poder\u00e3o ter nas subidas das taxas de juro de mercado por parte do Federal Reserve para conter a infla\u00e7\u00e3o.<\/p>\n","protected":false},"excerpt":{"rendered":"<p>A Casa Branca v\u00ea a necessidade de aumentar a migra\u00e7\u00e3o e aumentar os gastos com cuidados infantis para aumentar a for\u00e7a de trabalho cada vez menor do pa\u00eds. Isso \u00e9 afirmado no relat\u00f3rio anual do Conselho de Assessores Econ\u00f4micos\u00a0do presidente Joe Biden , publicado na segunda-feira. No relat\u00f3rio, os conselheiros dizem que o pa\u00eds enfrenta &#8220;uma grande escassez&#8221; de m\u00e3o de obra \u00e0 medida que se recupera da pandemia do COVID-19. Eles apontaram que a falta de trabalhadores no mercado de trabalho n\u00e3o se deve apenas ao coronav\u00edrus, mas tamb\u00e9m a tend\u00eancias demogr\u00e1ficas de longo prazo e \u00e0 menor participa\u00e7\u00e3o [&hellip;]<\/p>\n","protected":false},"author":1,"featured_media":54596,"comment_status":"open","ping_status":"closed","sticky":false,"template":"","format":"standard","meta":{"_links_to":"","_links_to_target":""},"categories":[3,1,10],"tags":[],"views":1049,"_links":{"self":[{"href":"https:\/\/www.brazilianpress.com\/v1\/wp-json\/wp\/v2\/posts\/54595"}],"collection":[{"href":"https:\/\/www.brazilianpress.com\/v1\/wp-json\/wp\/v2\/posts"}],"about":[{"href":"https:\/\/www.brazilianpress.com\/v1\/wp-json\/wp\/v2\/types\/post"}],"author":[{"embeddable":true,"href":"https:\/\/www.brazilianpress.com\/v1\/wp-json\/wp\/v2\/users\/1"}],"replies":[{"embeddable":true,"href":"https:\/\/www.brazilianpress.com\/v1\/wp-json\/wp\/v2\/comments?post=54595"}],"version-history":[{"count":1,"href":"https:\/\/www.brazilianpress.com\/v1\/wp-json\/wp\/v2\/posts\/54595\/revisions"}],"predecessor-version":[{"id":54597,"href":"https:\/\/www.brazilianpress.com\/v1\/wp-json\/wp\/v2\/posts\/54595\/revisions\/54597"}],"wp:featuredmedia":[{"embeddable":true,"href":"https:\/\/www.brazilianpress.com\/v1\/wp-json\/wp\/v2\/media\/54596"}],"wp:attachment":[{"href":"https:\/\/www.brazilianpress.com\/v1\/wp-json\/wp\/v2\/media?parent=54595"}],"wp:term":[{"taxonomy":"category","embeddable":true,"href":"https:\/\/www.brazilianpress.com\/v1\/wp-json\/wp\/v2\/categories?post=54595"},{"taxonomy":"post_tag","embeddable":true,"href":"https:\/\/www.brazilianpress.com\/v1\/wp-json\/wp\/v2\/tags?post=54595"}],"curies":[{"name":"wp","href":"https:\/\/api.w.org\/{rel}","templated":true}]}}