{"id":54809,"date":"2023-04-21T13:58:20","date_gmt":"2023-04-21T17:58:20","guid":{"rendered":"https:\/\/www.brazilianpress.com\/v1\/?p=54809"},"modified":"2023-04-21T13:58:20","modified_gmt":"2023-04-21T17:58:20","slug":"brasileira-que-caiu-de-apartamento-na-argentina-havia-consumido-cocaina-rosa","status":"publish","type":"post","link":"https:\/\/www.brazilianpress.com\/v1\/2023\/04\/21\/brasileira-que-caiu-de-apartamento-na-argentina-havia-consumido-cocaina-rosa\/","title":{"rendered":"Brasileira que caiu de apartamento na Argentina havia consumido \u2018coca\u00edna rosa&#8217;"},"content":{"rendered":"<p><strong>O resultado da aut\u00f3psia da brasileira Emmily Rodrigues, de 26 anos, que caiu do sexto andar do apartamento de um empres\u00e1rio em Buenos Aires, capital da Argentina, indicou o uso de subst\u00e2ncias alucin\u00f3genas antes da queda, segundo informa\u00e7\u00f5es do jornal Clar\u00edn, que teve acesso ao documento. A droga seria a popularmente conhecida como \u201ccoca\u00edna rosa\u201d ou \u201ctusi \/ tuci\u201d.<\/strong><\/p>\n<p>O pai de Emmily, Aristides Rodrigues, contestou, no in\u00edcio da noite de domingo (16) a informa\u00e7\u00e3o do jornal argentino:<\/p>\n<p>Apesar do nome, atribu\u00eddo devido ao aspecto de p\u00f3 e \u00e0 colora\u00e7\u00e3o rosa, o entorpecente n\u00e3o \u00e9 ligado \u00e0 coca\u00edna. Inicialmente, os termos eram utilizados para se referir a uma subst\u00e2ncia chamada 2C-B, uma droga sint\u00e9tica estimulante e alucin\u00f3gena criada ainda nos anos 1970 que promove efeitos semelhantes ao LSD e ao ecstasy.<\/p>\n<p>O 2C-B, que gerou o nome &#8220;tuci\u201d pela pron\u00fancia em ingl\u00eas do n\u00famero 2 e da letra C, voltou a circular na \u00faltima d\u00e9cada em festas e boates, especialmente na regi\u00e3o das Am\u00e9ricas, quando ganhou o nome de \u201ccoca\u00edna rosa\u201d. No entanto, an\u00e1lises recentes mostram que a subst\u00e2ncia vendida hoje raramente \u00e9 o 2C-B.<\/p>\n<p>Segundo um relat\u00f3rio do Escrit\u00f3rio das Na\u00e7\u00f5es Unidas sobre Drogas e Crime, amostras coletadas em diversos pa\u00edses da Am\u00e9rica Latina mostraram que, na realidade, a droga vendida sob o nome de \u201ccoca\u00edna rosa\u201d cont\u00e9m uma mistura de cetamina, um anest\u00e9sico potente, com MDMA (ecstasy) e cafe\u00edna.<br \/>\n\u201cN\u00e3o est\u00e1 claro se os traficantes de drogas est\u00e3o tentando imitar o estimulante e alucin\u00f3geno efeitos de 2C-B com essas combina\u00e7\u00f5es de subst\u00e2ncias. Assim, os usu\u00e1rios de \u201ctuci\u201d na Am\u00e9rica Latina podem n\u00e3o estar cientes de que a cetamina ou outras subst\u00e2ncias psicoativas podem estar presentes em produtos vendidos sob este nome, exacerbando os riscos \u00e0 sa\u00fade associados ao seu uso\u201d, destacou o documento.<\/p>\n<p>Os principais riscos para o usu\u00e1rio da &#8220;coca\u00edna rosa&#8221; dependem da propor\u00e7\u00e3o de subst\u00e2ncias na mistura, bem como das outras drogas com as quais \u00e9 tomada. Por exemplo, se uma pessoa inalar a subst\u00e2ncia com alto teor de cetamina e tamb\u00e9m beber \u00e1lcool, isso aumentar\u00e1 os efeitos depressores de ambas as subst\u00e2ncias, o que pode levar \u00e0 perda de coordena\u00e7\u00e3o, seda\u00e7\u00e3o e desmaios. Se o ecstasy for o ingrediente principal, tom\u00e1-lo com \u00e1lcool causa desidrata\u00e7\u00e3o.<\/p>\n<p>No caso de Emmily, a pol\u00edcia investiga se a jovem cometeu suic\u00eddio ap\u00f3s ingerir a droga ou se foi morta pelo empres\u00e1rio Francisco S\u00e1enz Valiente, dono do apartamento, que est\u00e1 preso. Conforme o Clar\u00edn, S\u00e1enz Valiente declarou que n\u00e3o ofereceu coca\u00edna e \u201ctuci\u201d a ningu\u00e9m, tanto em refer\u00eancia \u00e0 v\u00edtima brasileira, quanto \u00e0s outras tr\u00eas mulheres que a pol\u00edcia descobriu tamb\u00e9m estarem no apartamento.<\/p>\n","protected":false},"excerpt":{"rendered":"<p>O resultado da aut\u00f3psia da brasileira Emmily Rodrigues, de 26 anos, que caiu do sexto andar do apartamento de um empres\u00e1rio em Buenos Aires, capital da Argentina, indicou o uso de subst\u00e2ncias alucin\u00f3genas antes da queda, segundo informa\u00e7\u00f5es do jornal Clar\u00edn, que teve acesso ao documento. A droga seria a popularmente conhecida como \u201ccoca\u00edna rosa\u201d ou \u201ctusi \/ tuci\u201d. O pai de Emmily, Aristides Rodrigues, contestou, no in\u00edcio da noite de domingo (16) a informa\u00e7\u00e3o do jornal argentino: Apesar do nome, atribu\u00eddo devido ao aspecto de p\u00f3 e \u00e0 colora\u00e7\u00e3o rosa, o entorpecente n\u00e3o \u00e9 ligado \u00e0 coca\u00edna. Inicialmente, os [&hellip;]<\/p>\n","protected":false},"author":1,"featured_media":54810,"comment_status":"open","ping_status":"closed","sticky":false,"template":"","format":"standard","meta":{"_links_to":"","_links_to_target":""},"categories":[3,8,1],"tags":[],"views":1257,"_links":{"self":[{"href":"https:\/\/www.brazilianpress.com\/v1\/wp-json\/wp\/v2\/posts\/54809"}],"collection":[{"href":"https:\/\/www.brazilianpress.com\/v1\/wp-json\/wp\/v2\/posts"}],"about":[{"href":"https:\/\/www.brazilianpress.com\/v1\/wp-json\/wp\/v2\/types\/post"}],"author":[{"embeddable":true,"href":"https:\/\/www.brazilianpress.com\/v1\/wp-json\/wp\/v2\/users\/1"}],"replies":[{"embeddable":true,"href":"https:\/\/www.brazilianpress.com\/v1\/wp-json\/wp\/v2\/comments?post=54809"}],"version-history":[{"count":1,"href":"https:\/\/www.brazilianpress.com\/v1\/wp-json\/wp\/v2\/posts\/54809\/revisions"}],"predecessor-version":[{"id":54811,"href":"https:\/\/www.brazilianpress.com\/v1\/wp-json\/wp\/v2\/posts\/54809\/revisions\/54811"}],"wp:featuredmedia":[{"embeddable":true,"href":"https:\/\/www.brazilianpress.com\/v1\/wp-json\/wp\/v2\/media\/54810"}],"wp:attachment":[{"href":"https:\/\/www.brazilianpress.com\/v1\/wp-json\/wp\/v2\/media?parent=54809"}],"wp:term":[{"taxonomy":"category","embeddable":true,"href":"https:\/\/www.brazilianpress.com\/v1\/wp-json\/wp\/v2\/categories?post=54809"},{"taxonomy":"post_tag","embeddable":true,"href":"https:\/\/www.brazilianpress.com\/v1\/wp-json\/wp\/v2\/tags?post=54809"}],"curies":[{"name":"wp","href":"https:\/\/api.w.org\/{rel}","templated":true}]}}