{"id":54814,"date":"2023-04-21T14:02:00","date_gmt":"2023-04-21T18:02:00","guid":{"rendered":"https:\/\/www.brazilianpress.com\/v1\/?p=54814"},"modified":"2023-04-21T14:02:00","modified_gmt":"2023-04-21T18:02:00","slug":"maioria-do-stf-aceita-denuncias-contra-participantes-de-atos-golpistas","status":"publish","type":"post","link":"https:\/\/www.brazilianpress.com\/v1\/2023\/04\/21\/maioria-do-stf-aceita-denuncias-contra-participantes-de-atos-golpistas\/","title":{"rendered":"Maioria do STF aceita den\u00fancias contra participantes de atos golpistas"},"content":{"rendered":"<p><strong>O Supremo Tribunal Federal (STF) formou maioria de votos para transformar em r\u00e9us 100 denunciados pela Procuradoria-Geral da Rep\u00fablica (PGR) pelos atos golpistas do dia 8 de janeiro.\u00a0Na ocasi\u00e3o, foram depredadas\u00a0as sedes do Supremo Tribunal Federal, do Congresso Nacional e do Pal\u00e1cio do Planalto.\u00a0\u00a0\u00a0<\/strong><\/p>\n<p>Seis ministros votaram a favor do recebimento das den\u00fancias. At\u00e9 o momento, acompanharam o voto do relator Alexandres de Moraes, os ministros Lu\u00eds Roberto Barroso, Gilmar Mendes, Dias Toffoli, Edson Fachin e C\u00e1rmen L\u00facia.<\/p>\n<p>A vota\u00e7\u00e3o virtual contra os acusados come\u00e7ou \u00e0 meia-noite do dia 18, ter\u00e7a-feira, e vai at\u00e9 as 23h59 de\u00a0segunda-feira (24).<\/p>\n<p>Ao apresentar seu voto, Alexandre de Moraes descreveu como \u201cgrav\u00edssima\u201d a conduta dos denunciados,\u00a0que tinham como objetivo final abolir os poderes de Estado.<\/p>\n<p>Os ministros que ainda precisam apresentar seus votos no sistema eletr\u00f4nico s\u00e3o Andr\u00e9 Mendon\u00e7a, Nunes Marques, Rosa Weber e Luiz Fux.<\/p>\n<p>Com o in\u00edcio do processo,\u00a0haver\u00e1 coleta de provas e depoimentos de testemunhas de defesa e acusa\u00e7\u00e3o. Depois, o STF ainda ter\u00e1 de julgar se condena ou absolve os acusados, o que n\u00e3o tem prazo para ocorrer.<\/p>\n<p>As den\u00fancias envolvem crimes previstos no C\u00f3digo Penal: associa\u00e7\u00e3o criminosa; aboli\u00e7\u00e3o violenta do Estado Democr\u00e1tico de Direito; golpe de Estado; amea\u00e7a; persegui\u00e7\u00e3o; incita\u00e7\u00e3o ao crime\u00a0e dano qualificado. A PGR tamb\u00e9m cita o crime de deteriora\u00e7\u00e3o de patrim\u00f4nio tombado.<\/p>\n<p>Levantamento do STF mostra que das 1,4 mil pessoas presas no dia dos ataques, 294 permanecem no sistema penitenci\u00e1rio do Distrito Federal. As demais foram soltas por n\u00e3o representarem mais riscos \u00e0 sociedade e \u00e0s investiga\u00e7\u00f5es. (ABr)<\/p>\n","protected":false},"excerpt":{"rendered":"<p>O Supremo Tribunal Federal (STF) formou maioria de votos para transformar em r\u00e9us 100 denunciados pela Procuradoria-Geral da Rep\u00fablica (PGR) pelos atos golpistas do dia 8 de janeiro.\u00a0Na ocasi\u00e3o, foram depredadas\u00a0as sedes do Supremo Tribunal Federal, do Congresso Nacional e do Pal\u00e1cio do Planalto.\u00a0\u00a0\u00a0 Seis ministros votaram a favor do recebimento das den\u00fancias. At\u00e9 o momento, acompanharam o voto do relator Alexandres de Moraes, os ministros Lu\u00eds Roberto Barroso, Gilmar Mendes, Dias Toffoli, Edson Fachin e C\u00e1rmen L\u00facia. A vota\u00e7\u00e3o virtual contra os acusados come\u00e7ou \u00e0 meia-noite do dia 18, ter\u00e7a-feira, e vai at\u00e9 as 23h59 de\u00a0segunda-feira (24). Ao apresentar [&hellip;]<\/p>\n","protected":false},"author":1,"featured_media":54815,"comment_status":"open","ping_status":"closed","sticky":false,"template":"","format":"standard","meta":{"_links_to":"","_links_to_target":""},"categories":[7,3,1],"tags":[],"views":1530,"_links":{"self":[{"href":"https:\/\/www.brazilianpress.com\/v1\/wp-json\/wp\/v2\/posts\/54814"}],"collection":[{"href":"https:\/\/www.brazilianpress.com\/v1\/wp-json\/wp\/v2\/posts"}],"about":[{"href":"https:\/\/www.brazilianpress.com\/v1\/wp-json\/wp\/v2\/types\/post"}],"author":[{"embeddable":true,"href":"https:\/\/www.brazilianpress.com\/v1\/wp-json\/wp\/v2\/users\/1"}],"replies":[{"embeddable":true,"href":"https:\/\/www.brazilianpress.com\/v1\/wp-json\/wp\/v2\/comments?post=54814"}],"version-history":[{"count":1,"href":"https:\/\/www.brazilianpress.com\/v1\/wp-json\/wp\/v2\/posts\/54814\/revisions"}],"predecessor-version":[{"id":54816,"href":"https:\/\/www.brazilianpress.com\/v1\/wp-json\/wp\/v2\/posts\/54814\/revisions\/54816"}],"wp:featuredmedia":[{"embeddable":true,"href":"https:\/\/www.brazilianpress.com\/v1\/wp-json\/wp\/v2\/media\/54815"}],"wp:attachment":[{"href":"https:\/\/www.brazilianpress.com\/v1\/wp-json\/wp\/v2\/media?parent=54814"}],"wp:term":[{"taxonomy":"category","embeddable":true,"href":"https:\/\/www.brazilianpress.com\/v1\/wp-json\/wp\/v2\/categories?post=54814"},{"taxonomy":"post_tag","embeddable":true,"href":"https:\/\/www.brazilianpress.com\/v1\/wp-json\/wp\/v2\/tags?post=54814"}],"curies":[{"name":"wp","href":"https:\/\/api.w.org\/{rel}","templated":true}]}}