{"id":54820,"date":"2023-04-22T10:21:53","date_gmt":"2023-04-22T14:21:53","guid":{"rendered":"https:\/\/www.brazilianpress.com\/v1\/?p=54820"},"modified":"2023-04-22T10:21:53","modified_gmt":"2023-04-22T14:21:53","slug":"atletico-mg-site-da-conmebol-informa-expulsao-de-coudet-apos-jogo-com-o-athletico-pr","status":"publish","type":"post","link":"https:\/\/www.brazilianpress.com\/v1\/2023\/04\/22\/atletico-mg-site-da-conmebol-informa-expulsao-de-coudet-apos-jogo-com-o-athletico-pr\/","title":{"rendered":"Atl\u00e9tico-MG: Site da Conmebol informa expuls\u00e3o de Coudet ap\u00f3s jogo com o Athletico-PR"},"content":{"rendered":"<p><strong>Segundo registro no site da Conmebol, Eduardo Coudet foi expulso ap\u00f3s o apito final da derrota do\u00a0Atl\u00e9tico-MG\u00a0para o Athletico-PR, por 2 a 1, na Arena da Baixada, pela segunda rodada do Grupo G da Libertadores. O Galo, que j\u00e1 havia sido derrotado pelo Libertad, ocupa a lanterna da chave, em situa\u00e7\u00e3o delicada.<\/strong><\/p>\n<p>A informa\u00e7\u00e3o do cart\u00e3o vermelho est\u00e1 na ficha da partida publicada no site da Conmebol (veja abaixo). Procurada pela reportagem, a assessoria de imprensa do Galo ainda n\u00e3o se pronunciou &#8211; a mat\u00e9ria ser\u00e1 atualizada assim que tiver o retorno. O\u00a0ge\u00a0apurou que os clubes recebem uma c\u00f3pia da s\u00famula ap\u00f3s os jogos promovidos pela Conmebol. A confedera\u00e7\u00e3o n\u00e3o divulga os relat\u00f3rios feitos pela arbitragem.<\/p>\n<p>Ao fim do jogo, Coudet entrou em campo inconformado com a arbitragem conduzida por Pablo Echavarria, da Argentina. Exaltado, fazia gestos referentes ao VAR. Na coletiva,\u00a0o treinador questionou a falta de crit\u00e9rio na competi\u00e7\u00e3o.<\/p>\n<p>O Galo sofreu um dos gols ap\u00f3s p\u00eanalti marcado pelo VAR (no jogo anterior, o clube reclamou uma penalidade n\u00e3o marcada em lance parecido, na derrota para o Libertad) e teve Mariano expulso nos minutos finais contra o Furac\u00e3o.<\/p>\n<p>Chacho Coudet agora ter\u00e1 de cumprir suspens\u00e3o na terceira rodada da fase de grupos da Libertadores, contra o Alianza Lima, dia 3 de maio, no Mineir\u00e3o. O time tem outras baixas: o atacante Paulinho e o lateral Mariano tamb\u00e9m est\u00e3o suspensos. O meia Pedrinho ser\u00e1 reavaliado ap\u00f3s sentir fisgada na coxa esquerda e, se vetado, pode se juntar a Igor Rabello, Allan, Allan Kardec e Guilherme Arana sob cuidados m\u00e9dicos.<\/p>\n<p>Saraiva volta a ficar \u00e0 disposi\u00e7\u00e3o, ap\u00f3s cumprir suspens\u00e3o contra o Athletico-PR. E, enfim, Pav\u00f3n poder\u00e1 estrear pelo Galo na Libertadores, depois de cumprir toda a puni\u00e7\u00e3o imposta pela Conmebol por incidentes na edi\u00e7\u00e3o do torneio de 2021, quando ainda defendia o Boca Juniors, justamente em jogo contra o Atl\u00e9tico.<\/p>\n","protected":false},"excerpt":{"rendered":"<p>Segundo registro no site da Conmebol, Eduardo Coudet foi expulso ap\u00f3s o apito final da derrota do\u00a0Atl\u00e9tico-MG\u00a0para o Athletico-PR, por 2 a 1, na Arena da Baixada, pela segunda rodada do Grupo G da Libertadores. O Galo, que j\u00e1 havia sido derrotado pelo Libertad, ocupa a lanterna da chave, em situa\u00e7\u00e3o delicada. A informa\u00e7\u00e3o do cart\u00e3o vermelho est\u00e1 na ficha da partida publicada no site da Conmebol (veja abaixo). Procurada pela reportagem, a assessoria de imprensa do Galo ainda n\u00e3o se pronunciou &#8211; a mat\u00e9ria ser\u00e1 atualizada assim que tiver o retorno. O\u00a0ge\u00a0apurou que os clubes recebem uma c\u00f3pia da [&hellip;]<\/p>\n","protected":false},"author":1,"featured_media":54821,"comment_status":"open","ping_status":"closed","sticky":false,"template":"","format":"standard","meta":{"_links_to":"","_links_to_target":""},"categories":[9,1],"tags":[],"views":2371,"_links":{"self":[{"href":"https:\/\/www.brazilianpress.com\/v1\/wp-json\/wp\/v2\/posts\/54820"}],"collection":[{"href":"https:\/\/www.brazilianpress.com\/v1\/wp-json\/wp\/v2\/posts"}],"about":[{"href":"https:\/\/www.brazilianpress.com\/v1\/wp-json\/wp\/v2\/types\/post"}],"author":[{"embeddable":true,"href":"https:\/\/www.brazilianpress.com\/v1\/wp-json\/wp\/v2\/users\/1"}],"replies":[{"embeddable":true,"href":"https:\/\/www.brazilianpress.com\/v1\/wp-json\/wp\/v2\/comments?post=54820"}],"version-history":[{"count":1,"href":"https:\/\/www.brazilianpress.com\/v1\/wp-json\/wp\/v2\/posts\/54820\/revisions"}],"predecessor-version":[{"id":54822,"href":"https:\/\/www.brazilianpress.com\/v1\/wp-json\/wp\/v2\/posts\/54820\/revisions\/54822"}],"wp:featuredmedia":[{"embeddable":true,"href":"https:\/\/www.brazilianpress.com\/v1\/wp-json\/wp\/v2\/media\/54821"}],"wp:attachment":[{"href":"https:\/\/www.brazilianpress.com\/v1\/wp-json\/wp\/v2\/media?parent=54820"}],"wp:term":[{"taxonomy":"category","embeddable":true,"href":"https:\/\/www.brazilianpress.com\/v1\/wp-json\/wp\/v2\/categories?post=54820"},{"taxonomy":"post_tag","embeddable":true,"href":"https:\/\/www.brazilianpress.com\/v1\/wp-json\/wp\/v2\/tags?post=54820"}],"curies":[{"name":"wp","href":"https:\/\/api.w.org\/{rel}","templated":true}]}}