{"id":54826,"date":"2023-04-22T10:28:11","date_gmt":"2023-04-22T14:28:11","guid":{"rendered":"https:\/\/www.brazilianpress.com\/v1\/?p=54826"},"modified":"2023-04-22T10:28:35","modified_gmt":"2023-04-22T14:28:35","slug":"portuguesa-morre-e-policia-descobre-que-ela-morava-com-o-corpo-de-pai-morto-ha-15-anos","status":"publish","type":"post","link":"https:\/\/www.brazilianpress.com\/v1\/2023\/04\/22\/portuguesa-morre-e-policia-descobre-que-ela-morava-com-o-corpo-de-pai-morto-ha-15-anos\/","title":{"rendered":"Portuguesa morre e pol\u00edcia descobre que ela morava com o corpo de pai morto h\u00e1 15 anos"},"content":{"rendered":"<p><strong>Uma portuguesa de 70 anos foi encontrada morta em sua casa, na cidade de Oeiras, em Portugal, ap\u00f3s vizinhos terem reclamado do cheiro\u00a0insuport\u00e1vel. Ao entrar no apartamento, os policiais encontraram o corpo da mulher j\u00e1 gelado no ch\u00e3o e o cad\u00e1ver de seu pai em estado avan\u00e7ado de decomposi\u00e7\u00e3o.<\/strong><\/p>\n<p>Ela foi identificada como Anabele e esteve morando na companhia do falecido por mais de 15 anos, revelou a imprensa local. Segundo as autoridades, ela vestia o morto, reconhecido como Cust\u00f3dio, com pijamas e usava alvejantes e \u00e1gua sanit\u00e1ria\u00a0para disfar\u00e7ar o cheiro da carne em putrefa\u00e7\u00e3o.<\/p>\n<p><img src=\"https:\/\/static.globalnoticias.pt\/jn\/image.jpg?brand=JN&amp;type=generate&amp;guid=fadf9bc5-9bed-401a-98f1-d17c1b84e04e\" alt=\"Teve o pai morto na cama de pijama vestido durante anos\" \/><\/p>\n<p>Segundo os moradores pr\u00f3ximos, o odor dos produtos utilizados para conservar o cad\u00e1ver\u00a0foi percebido h\u00e1 aproximadamente dois anos, mas n\u00e3o causou tanto estranhamento. Eles afirmam que, todas as tardes, Anabele ia ao mercado da regi\u00e3o comprar \u00e1gua pot\u00e1vel e sanit\u00e1ria.<\/p>\n<p>Idalina, que morava ao lado da falecida, disse em entrevista que achava que os produtos eram utilizados para limpeza e higiene, o que explicaria o cheiro forte. Ela alegou que nunca teve motivos para reclamar de Anabele, j\u00e1 que ela sempre foi muito reservada e gentil, mas diz ter ficado chocada com a not\u00edcia. O caso \u00e9 agora investigado pela Pol\u00edcia Judici\u00e1ria portuguesa, com aux\u00edlio dos Bombeiros\u00a0Volunt\u00e1rios do Dafundo, que chegaram com tr\u00eas carros para analisar o apartamento e membros da Pol\u00edcia de Seguran\u00e7a P\u00fablica.<\/p>\n","protected":false},"excerpt":{"rendered":"<p>Uma portuguesa de 70 anos foi encontrada morta em sua casa, na cidade de Oeiras, em Portugal, ap\u00f3s vizinhos terem reclamado do cheiro\u00a0insuport\u00e1vel. Ao entrar no apartamento, os policiais encontraram o corpo da mulher j\u00e1 gelado no ch\u00e3o e o cad\u00e1ver de seu pai em estado avan\u00e7ado de decomposi\u00e7\u00e3o. Ela foi identificada como Anabele e esteve morando na companhia do falecido por mais de 15 anos, revelou a imprensa local. Segundo as autoridades, ela vestia o morto, reconhecido como Cust\u00f3dio, com pijamas e usava alvejantes e \u00e1gua sanit\u00e1ria\u00a0para disfar\u00e7ar o cheiro da carne em putrefa\u00e7\u00e3o. Segundo os moradores pr\u00f3ximos, o [&hellip;]<\/p>\n","protected":false},"author":1,"featured_media":54827,"comment_status":"open","ping_status":"closed","sticky":false,"template":"","format":"standard","meta":{"_links_to":"","_links_to_target":""},"categories":[3,8,1],"tags":[],"views":1438,"_links":{"self":[{"href":"https:\/\/www.brazilianpress.com\/v1\/wp-json\/wp\/v2\/posts\/54826"}],"collection":[{"href":"https:\/\/www.brazilianpress.com\/v1\/wp-json\/wp\/v2\/posts"}],"about":[{"href":"https:\/\/www.brazilianpress.com\/v1\/wp-json\/wp\/v2\/types\/post"}],"author":[{"embeddable":true,"href":"https:\/\/www.brazilianpress.com\/v1\/wp-json\/wp\/v2\/users\/1"}],"replies":[{"embeddable":true,"href":"https:\/\/www.brazilianpress.com\/v1\/wp-json\/wp\/v2\/comments?post=54826"}],"version-history":[{"count":1,"href":"https:\/\/www.brazilianpress.com\/v1\/wp-json\/wp\/v2\/posts\/54826\/revisions"}],"predecessor-version":[{"id":54828,"href":"https:\/\/www.brazilianpress.com\/v1\/wp-json\/wp\/v2\/posts\/54826\/revisions\/54828"}],"wp:featuredmedia":[{"embeddable":true,"href":"https:\/\/www.brazilianpress.com\/v1\/wp-json\/wp\/v2\/media\/54827"}],"wp:attachment":[{"href":"https:\/\/www.brazilianpress.com\/v1\/wp-json\/wp\/v2\/media?parent=54826"}],"wp:term":[{"taxonomy":"category","embeddable":true,"href":"https:\/\/www.brazilianpress.com\/v1\/wp-json\/wp\/v2\/categories?post=54826"},{"taxonomy":"post_tag","embeddable":true,"href":"https:\/\/www.brazilianpress.com\/v1\/wp-json\/wp\/v2\/tags?post=54826"}],"curies":[{"name":"wp","href":"https:\/\/api.w.org\/{rel}","templated":true}]}}