{"id":54829,"date":"2023-04-22T10:33:41","date_gmt":"2023-04-22T14:33:41","guid":{"rendered":"https:\/\/www.brazilianpress.com\/v1\/?p=54829"},"modified":"2023-04-22T10:33:41","modified_gmt":"2023-04-22T14:33:41","slug":"psicologo-de-32-anos-morreu-por-causa-de-reacao-a-vacina-da-astrazeneca-confirma-legista","status":"publish","type":"post","link":"https:\/\/www.brazilianpress.com\/v1\/2023\/04\/22\/psicologo-de-32-anos-morreu-por-causa-de-reacao-a-vacina-da-astrazeneca-confirma-legista\/","title":{"rendered":"Psic\u00f3logo de 32 anos morreu por causa de rea\u00e7\u00e3o \u00e0 vacina da AstraZeneca, confirma legista"},"content":{"rendered":"<p><strong>O psic\u00f3logo Stephen Wright, de 32 anos, morreu 10 dias depois de tomar a primeira dose da vacina contra a covid-19 da AstraZeneca. O imunizante provocou efeitos adversos no homem. Wright faleceu em 25 de janeiro de 2021, em Londres. A causa do \u00f3bito, contudo, veio \u00e0 tona nesta semana, ap\u00f3s parecer do legista s\u00eanior Andrew Harris.<\/strong><\/p>\n<p>Segundo Harris, Wright desenvolveu um co\u00e1gulo de sangue no c\u00e9rebro, um \u201ccaso muito incomum e profundamente tr\u00e1gico\u201d. O legista lamentou a falta de estudos que possam mostrar como a vacina da AstraZeneca provoca esse efeito nas pessoas.<\/p>\n<p><img src=\"https:\/\/cdn.apollo.audio\/one\/media\/643f\/f90b\/0a24\/0405\/d8b3\/c223\/WhatsApp%20Image%202023-04-19%20at%2013.31.05%20(1).jpeg?quality=80&amp;format=jpg&amp;crop=0,0,575,1024&amp;resize=crop\" alt=\"Fit and healthy' Dr died after having AstraZeneca jab\" \/><\/p>\n<p>No dia em que foi internado, ele sentiu fortes dores de cabe\u00e7a. A mulher dele, Charlotte, disse que o marido chegou a desmaiar algumas vezes, comportamento que se repetiu no hospital.<\/p>\n<p>Atualmente, a vi\u00fava luta para mudar o atestado de \u00f3bito de Wright. O documento consta que o psic\u00f3logo morreu de \u201ccausas naturais\u201d. Ela anunciou ainda um processo contra a AstraZeneca, em raz\u00e3o da vacina. Familiares de outras v\u00edtimas tamb\u00e9m fazem parte da a\u00e7\u00e3o.<\/p>\n<p><img src=\"https:\/\/i2-prod.mirror.co.uk\/incoming\/article29752972.ece\/ALTERNATES\/s1200c\/0_StephenandCharlotteWright.jpg\" alt=\"Fit and healthy' doctor, 32, dies after rare severe reaction to  AstraZenenca Covid jab - Mirror Online\" \/><\/p>\n<p>Em nota, a farmac\u00eautica lamentou o ocorrido: \u201cEstamos muito tristes com a morte de Stephen Wright e estendemos nossas mais profundas condol\u00eancias \u00e0 sua fam\u00edlia por sua perda. A seguran\u00e7a do paciente \u00e9 nossa maior prioridade e as autoridades reguladoras t\u00eam padr\u00f5es claros e rigorosos para garantir o uso seguro de todos os medicamentos, incluindo vacinas\u201d.<\/p>\n<p>No Brasil, um homem de Santa Catarina, o advogado Bruno Graf, de 28 anos, morreu em raz\u00e3o de efeitos colaterais provocados pela vacina anticoronav\u00edrus da AstraZeneca. \u00c9 o que informou boletim epidemiol\u00f3gico da\u00a0Diretoria de Vigil\u00e2ncia Epidemiol\u00f3gica (DIVE), vinculada \u00e0 Superintend\u00eancia de Vigil\u00e2ncia em Sa\u00fade de Santa Catarina, pertencente \u00e0 Secretaria Estadual da Sa\u00fade. Divulgado em novembro de 2021, o documento explica que o caso passou por investiga\u00e7\u00e3o de equipes de imuniza\u00e7\u00e3o estadual, regional e municipal.<\/p>\n<p>\u201cAmbos os \u00f3bitos foram temporalmente associados \u00e0 vacina da AstraZeneca, sendo esses dois casos confirmados tendo seus desfechos com rela\u00e7\u00e3o \u00e0 S\u00edndrome de Trombose com Trombocitopenia (STT)\u201d, salienta o \u00f3rg\u00e3o. \u201cA STT \u00e9 definida pela presen\u00e7a de trombose\/tromboembolismo, geralmente em locais incomuns, como o seio venoso cerebral ou as veias espl\u00e2ncnicas com trombocitopenia acentuada ap\u00f3s a vacina\u00e7\u00e3o com uma vacina de vetor de adenov\u00edrus n\u00e3o replicante contra a covid-19.\u201d<\/p>\n<p>Em 27 de dezembro de 2022, o\u00a0Minist\u00e9rio da Sa\u00fade\u00a0publicou uma nota t\u00e9cnica\u00a0sobre as vacinas da AstraZeneca e Janssen contra a covid-19, depois de identificar riscos de trombose, sobretudo em mulheres. No documento, a pasta deixa de recomendar o imunizante a pessoas com menos de 40 anos.<\/p>\n<p>\u201cEsta coordena\u00e7\u00e3o-geral entende ser pertinente atualizar as recomenda\u00e7\u00f5es de uso das vacinas de vetor viral (Astrazeneca e Janssen), para que, na popula\u00e7\u00e3o abaixo de 40 anos, sejam administradas preferencialmente vacinas contra a covid-19 de plataformas que n\u00e3o sejam de vetor viral\u201d, ressaltou a Sa\u00fade.<\/p>\n<p>Segundo o texto, \u201cas formas cl\u00ednicas mais frequentemente reportadas foram de trombose venosa cerebral, mas tamb\u00e9m h\u00e1 relatos de trombose de veias intrabdominais, tromboembolismo pulmonar e tromboses arteriais\u201d. Pode ocorrer ainda sangramento de \u201cforma significava e inesperada\u201d.<\/p>\n","protected":false},"excerpt":{"rendered":"<p>O psic\u00f3logo Stephen Wright, de 32 anos, morreu 10 dias depois de tomar a primeira dose da vacina contra a covid-19 da AstraZeneca. O imunizante provocou efeitos adversos no homem. Wright faleceu em 25 de janeiro de 2021, em Londres. A causa do \u00f3bito, contudo, veio \u00e0 tona nesta semana, ap\u00f3s parecer do legista s\u00eanior Andrew Harris. Segundo Harris, Wright desenvolveu um co\u00e1gulo de sangue no c\u00e9rebro, um \u201ccaso muito incomum e profundamente tr\u00e1gico\u201d. O legista lamentou a falta de estudos que possam mostrar como a vacina da AstraZeneca provoca esse efeito nas pessoas. No dia em que foi internado, [&hellip;]<\/p>\n","protected":false},"author":1,"featured_media":54830,"comment_status":"open","ping_status":"closed","sticky":false,"template":"","format":"standard","meta":{"_links_to":"","_links_to_target":""},"categories":[3,1,10],"tags":[],"views":876,"_links":{"self":[{"href":"https:\/\/www.brazilianpress.com\/v1\/wp-json\/wp\/v2\/posts\/54829"}],"collection":[{"href":"https:\/\/www.brazilianpress.com\/v1\/wp-json\/wp\/v2\/posts"}],"about":[{"href":"https:\/\/www.brazilianpress.com\/v1\/wp-json\/wp\/v2\/types\/post"}],"author":[{"embeddable":true,"href":"https:\/\/www.brazilianpress.com\/v1\/wp-json\/wp\/v2\/users\/1"}],"replies":[{"embeddable":true,"href":"https:\/\/www.brazilianpress.com\/v1\/wp-json\/wp\/v2\/comments?post=54829"}],"version-history":[{"count":1,"href":"https:\/\/www.brazilianpress.com\/v1\/wp-json\/wp\/v2\/posts\/54829\/revisions"}],"predecessor-version":[{"id":54831,"href":"https:\/\/www.brazilianpress.com\/v1\/wp-json\/wp\/v2\/posts\/54829\/revisions\/54831"}],"wp:featuredmedia":[{"embeddable":true,"href":"https:\/\/www.brazilianpress.com\/v1\/wp-json\/wp\/v2\/media\/54830"}],"wp:attachment":[{"href":"https:\/\/www.brazilianpress.com\/v1\/wp-json\/wp\/v2\/media?parent=54829"}],"wp:term":[{"taxonomy":"category","embeddable":true,"href":"https:\/\/www.brazilianpress.com\/v1\/wp-json\/wp\/v2\/categories?post=54829"},{"taxonomy":"post_tag","embeddable":true,"href":"https:\/\/www.brazilianpress.com\/v1\/wp-json\/wp\/v2\/tags?post=54829"}],"curies":[{"name":"wp","href":"https:\/\/api.w.org\/{rel}","templated":true}]}}