{"id":54835,"date":"2023-04-24T12:02:23","date_gmt":"2023-04-24T16:02:23","guid":{"rendered":"https:\/\/www.brazilianpress.com\/v1\/?p=54835"},"modified":"2023-04-24T12:02:23","modified_gmt":"2023-04-24T16:02:23","slug":"tragico-advogada-brasileira-de-32-anos-morre-de-infarto-durante-voo-para-houston-texas","status":"publish","type":"post","link":"https:\/\/www.brazilianpress.com\/v1\/2023\/04\/24\/tragico-advogada-brasileira-de-32-anos-morre-de-infarto-durante-voo-para-houston-texas\/","title":{"rendered":"Tr\u00e1gico: Advogada brasileira de 32 anos morre de infarto durante voo para Houston, Texas"},"content":{"rendered":"<p><strong>Uma advogada do Rio de Janeiro morreu ap\u00f3s sofrer uma parada card\u00edaca em um voo para os Estados Unidos na \u00faltima sexta-feira (21), onde participaria de um evento sobre empreendedorismo. Familiares buscam recursos para trazer o corpo de volta ao Brasil.<\/strong><\/p>\n<p>Sara Silva Raimundo tinha 32 anos e morava em Paci\u00eancia, na Zona Oeste do Rio de Janeiro. Ela se formou na faculdade de direito da UFRJ e tinha embarcado para os EUA para participar de um evento sobre empreendedorismo. A advogada passou mal durante o voo. A aeronave chegou a fazer um pouso de emerg\u00eancia e foi levada para um hospital perto do aeroporto, mas n\u00e3o resistiu.<\/p>\n<p><img src=\"https:\/\/www.otempo.com.br\/image\/contentid\/policy:1.2856024:1682351556\/brasileira-morte-voo-jpg.jpg?f=3x2&amp;w=1224\" alt=\"Brasileira morre ap\u00f3s sofrer parada card\u00edaca em voo para os EUA | O TEMPO\" \/><\/p>\n<p>&#8220;A Sara desmaiou, tinha um m\u00e9dico entre os passageiros, ele fez massagem no peito dela, ela n\u00e3o respondeu. Ficou desacordada, o cora\u00e7\u00e3o parou de bombear sangue. Fizeram um pouso de emerg\u00eancia em New Orleans&#8221;, afirmou Gilmar Bueno, s\u00f3cio de Sara. Os gastos com o traslado, al\u00e9m dos servi\u00e7os funer\u00e1rios, devem ultrapassar os R$ 100 mil. Familiares e amigos tentam custear estes gastos.<\/p>\n<p>\u201cA nossa maior preocupa\u00e7\u00e3o nesse momento \u00e9 a burocracia entre um pa\u00eds e outro e que possam demorar\u201d, disse Nathalia Belmiro, amiga de Sara. A amiga da advogada pede que as autoridades tratem o caso com celeridade, para que a fam\u00edlia e os amigos possam se despedir da jovem. Sara \u00e9 fundadora e s\u00f3cia de uma empresa focada no direito dos consumidores e que tamb\u00e9m ajuda pessoas de baixa renda. \u201cA Sara era uma mulher negra, perif\u00e9rica. E, de fato, ela abalou as estruturas e deixou a sua marca no mundo, como ela queria imprimir. A gente perde uma grande refer\u00eancia para todos n\u00f3s\u201d, destacou Nathalia Belmiro.<\/p>\n<p><img src=\"https:\/\/medias.itatiaia.com.br\/generic\/-sara-dedicou-se-a-pesquisa-academica-em-sua-graduacao-viajando-para-paises-como-portugal-e-canada-com-o-apoio-financeiro-de-muitos-ed777b4d-1839-4d13-ba3f-7c2de1928890.large.jpg\" alt=\"Advogada do RJ morre ap\u00f3s parada card\u00edaca em voo para os EUA; fam\u00edlia faz  vaquinha para arcar translado - R\u00e1dio Itatiaia | A R\u00e1dio de Minas\" \/><\/p>\n","protected":false},"excerpt":{"rendered":"<p>Uma advogada do Rio de Janeiro morreu ap\u00f3s sofrer uma parada card\u00edaca em um voo para os Estados Unidos na \u00faltima sexta-feira (21), onde participaria de um evento sobre empreendedorismo. Familiares buscam recursos para trazer o corpo de volta ao Brasil. Sara Silva Raimundo tinha 32 anos e morava em Paci\u00eancia, na Zona Oeste do Rio de Janeiro. Ela se formou na faculdade de direito da UFRJ e tinha embarcado para os EUA para participar de um evento sobre empreendedorismo. A advogada passou mal durante o voo. A aeronave chegou a fazer um pouso de emerg\u00eancia e foi levada para [&hellip;]<\/p>\n","protected":false},"author":1,"featured_media":54836,"comment_status":"open","ping_status":"closed","sticky":false,"template":"","format":"standard","meta":{"_links_to":"","_links_to_target":""},"categories":[4,3,1],"tags":[],"views":949,"_links":{"self":[{"href":"https:\/\/www.brazilianpress.com\/v1\/wp-json\/wp\/v2\/posts\/54835"}],"collection":[{"href":"https:\/\/www.brazilianpress.com\/v1\/wp-json\/wp\/v2\/posts"}],"about":[{"href":"https:\/\/www.brazilianpress.com\/v1\/wp-json\/wp\/v2\/types\/post"}],"author":[{"embeddable":true,"href":"https:\/\/www.brazilianpress.com\/v1\/wp-json\/wp\/v2\/users\/1"}],"replies":[{"embeddable":true,"href":"https:\/\/www.brazilianpress.com\/v1\/wp-json\/wp\/v2\/comments?post=54835"}],"version-history":[{"count":1,"href":"https:\/\/www.brazilianpress.com\/v1\/wp-json\/wp\/v2\/posts\/54835\/revisions"}],"predecessor-version":[{"id":54837,"href":"https:\/\/www.brazilianpress.com\/v1\/wp-json\/wp\/v2\/posts\/54835\/revisions\/54837"}],"wp:featuredmedia":[{"embeddable":true,"href":"https:\/\/www.brazilianpress.com\/v1\/wp-json\/wp\/v2\/media\/54836"}],"wp:attachment":[{"href":"https:\/\/www.brazilianpress.com\/v1\/wp-json\/wp\/v2\/media?parent=54835"}],"wp:term":[{"taxonomy":"category","embeddable":true,"href":"https:\/\/www.brazilianpress.com\/v1\/wp-json\/wp\/v2\/categories?post=54835"},{"taxonomy":"post_tag","embeddable":true,"href":"https:\/\/www.brazilianpress.com\/v1\/wp-json\/wp\/v2\/tags?post=54835"}],"curies":[{"name":"wp","href":"https:\/\/api.w.org\/{rel}","templated":true}]}}