{"id":54841,"date":"2023-04-25T18:27:24","date_gmt":"2023-04-25T22:27:24","guid":{"rendered":"https:\/\/www.brazilianpress.com\/v1\/?p=54841"},"modified":"2023-04-25T18:28:02","modified_gmt":"2023-04-25T22:28:02","slug":"ciudad-juarez-mexicano-e-indiciado-por-responsabilidade-no-incendio-em-centro-de-detencao-de-imigrantes","status":"publish","type":"post","link":"https:\/\/www.brazilianpress.com\/v1\/2023\/04\/25\/ciudad-juarez-mexicano-e-indiciado-por-responsabilidade-no-incendio-em-centro-de-detencao-de-imigrantes\/","title":{"rendered":"Ciudad Juarez: Mexicano \u00e9 indiciado por responsabilidade no inc\u00eandio em centro de deten\u00e7\u00e3o de imigrantes"},"content":{"rendered":"<p><strong>O l\u00edder da ag\u00eancia de imigra\u00e7\u00e3o do M\u00e9xico foi indiciado em tribunal sob a acusa\u00e7\u00e3o de n\u00e3o garantir a seguran\u00e7a dentro dos centros de deten\u00e7\u00e3o de migrantes do pa\u00eds, ap\u00f3s um inc\u00eandio no m\u00eas passado que matou 40 migrantes e requerentes de asilo. Francisco Garduno, l\u00edder do Instituto Mexicano de Imigra\u00e7\u00e3o, enfrentou uma audi\u00eancia na ter\u00e7a-feira, onde os promotores apresentaram evid\u00eancias de que ele deveria ter fechado instala\u00e7\u00f5es que n\u00e3o atendiam aos requisitos de seguran\u00e7a.<\/strong><\/p>\n<p>Os promotores observaram anteriormente que o caso indicava um \u201cpadr\u00e3o de irresponsabilidade\u201d por parte do instituto de imigra\u00e7\u00e3o. O inc\u00eandio mortal aumentou o escrut\u00ednio das condi\u00e7\u00f5es que os migrantes e solicitantes de asilo costumam enfrentar em pa\u00edses como o M\u00e9xico, onde os cr\u00edticos dizem que s\u00e3o frequentemente submetidos a abusos e t\u00eam direitos b\u00e1sicos negados.<\/p>\n<p><img loading=\"lazy\" class=\"alignnone size-full wp-image-54734\" src=\"https:\/\/www.brazilianpress.com\/v1\/wp-content\/uploads\/2023\/04\/incendio-fronteira-mexico-imigrantes-mortos-eua.jpg\" alt=\"\" width=\"700\" height=\"427\" srcset=\"https:\/\/www.brazilianpress.com\/v1\/wp-content\/uploads\/2023\/04\/incendio-fronteira-mexico-imigrantes-mortos-eua.jpg 700w, https:\/\/www.brazilianpress.com\/v1\/wp-content\/uploads\/2023\/04\/incendio-fronteira-mexico-imigrantes-mortos-eua-300x183.jpg 300w\" sizes=\"(max-width: 700px) 100vw, 700px\" \/><\/p>\n<p>O inc\u00eandio de 27 de mar\u00e7o chamou a aten\u00e7\u00e3o internacional depois que um v\u00eddeo circulou, mostrando os guardas sem fazer nenhum esfor\u00e7o para libertar um grupo de 68 homens presos em uma cela no centro de deten\u00e7\u00e3o de Ciudad Juarez. Os promotores disseram que guardas de seguran\u00e7a privada pediram permiss\u00e3o \u00e0s autoridades para libertar os homens detidos quando o inc\u00eandio come\u00e7ou, mas foram instru\u00eddos a n\u00e3o faz\u00ea-lo. Mais de duas dezenas de pessoas ficaram feridas no inc\u00eandio, al\u00e9m das 40 mortes. Muitos eram de Honduras, El Salvador, Guatemala e Venezuela. As autoridades mexicanas disseram que os migrantes e requerentes de asilo causaram o inc\u00eandio para protestar contra suas condi\u00e7\u00f5es e deporta\u00e7\u00e3o.<\/p>\n<p>V\u00e1rios migrantes no abrigo tamb\u00e9m disseram que foram informados de que poderiam garantir sua liberta\u00e7\u00e3o pagando US$ 1.000, de acordo com promotores que sugeriram que a corrup\u00e7\u00e3o e a explora\u00e7\u00e3o eram comuns antes do inc\u00eandio. Em abril, um juiz mexicano ordenou a pris\u00e3o de tr\u00eas funcion\u00e1rios da imigra\u00e7\u00e3o, um guarda de seguran\u00e7a particular e um migrante venezuelano em conex\u00e3o com o inc\u00eandio em Juarez. O oficial de mais alto escal\u00e3o a ser julgado at\u00e9 agora \u00e9 o delegado da ag\u00eancia de imigra\u00e7\u00e3o no estado mexicano de Chihuahua, o contra-almirante reformado da Marinha Salvador Gonz\u00e1lez. Ele foi indiciado por homic\u00eddio e les\u00e3o corporal por omiss\u00e3o.<\/p>\n<p><img loading=\"lazy\" class=\"alignnone size-full wp-image-54617\" src=\"https:\/\/www.brazilianpress.com\/v1\/wp-content\/uploads\/2023\/03\/incendio-mortos-centro-detencao-imigrantes-fronteira-mexico-eua-ciudad-juarez.jpg\" alt=\"\" width=\"700\" height=\"382\" srcset=\"https:\/\/www.brazilianpress.com\/v1\/wp-content\/uploads\/2023\/03\/incendio-mortos-centro-detencao-imigrantes-fronteira-mexico-eua-ciudad-juarez.jpg 700w, https:\/\/www.brazilianpress.com\/v1\/wp-content\/uploads\/2023\/03\/incendio-mortos-centro-detencao-imigrantes-fronteira-mexico-eua-ciudad-juarez-300x164.jpg 300w\" sizes=\"(max-width: 700px) 100vw, 700px\" \/><\/p>\n<p>Garduno, que j\u00e1 havia supervisionado o sistema prisional do M\u00e9xico, foi nomeado para administrar a ag\u00eancia de imigra\u00e7\u00e3o do pa\u00eds em 2019, quando o pa\u00eds estava sob press\u00e3o dos Estados Unidos para reprimir imigrantes e requerentes de asilo que viajavam para o norte. Alguns defensores apontam para mudan\u00e7as recentes na lei de imigra\u00e7\u00e3o \u2013 como a pol\u00edtica de expuls\u00e3o transfronteiri\u00e7a T\u00edtulo 42 nos EUA e outros impedimentos \u2013 como exacerbando as condi\u00e7\u00f5es que levaram ao inc\u00eandio. \u201cOs pa\u00edses da regi\u00e3o, liderados pelos Estados Unidos, estabeleceram pol\u00edticas migrat\u00f3rias compartilhadas cada vez mais desumanas, tornando quase imposs\u00edvel o acesso ao direito de asilo e obrigando as pessoas a buscar rotas mais perigosas que as colocam em situa\u00e7\u00f5es ainda mais vulner\u00e1veis \u201d, disse o grupo de direitos humanos Anistia Internacional em um declara\u00e7\u00e3o acompanhando o inc\u00eandio.<\/p>\n<p>\/\/ Com informa\u00e7\u00f5es do site Al Jazeera.<\/p>\n","protected":false},"excerpt":{"rendered":"<p>O l\u00edder da ag\u00eancia de imigra\u00e7\u00e3o do M\u00e9xico foi indiciado em tribunal sob a acusa\u00e7\u00e3o de n\u00e3o garantir a seguran\u00e7a dentro dos centros de deten\u00e7\u00e3o de migrantes do pa\u00eds, ap\u00f3s um inc\u00eandio no m\u00eas passado que matou 40 migrantes e requerentes de asilo. Francisco Garduno, l\u00edder do Instituto Mexicano de Imigra\u00e7\u00e3o, enfrentou uma audi\u00eancia na ter\u00e7a-feira, onde os promotores apresentaram evid\u00eancias de que ele deveria ter fechado instala\u00e7\u00f5es que n\u00e3o atendiam aos requisitos de seguran\u00e7a. Os promotores observaram anteriormente que o caso indicava um \u201cpadr\u00e3o de irresponsabilidade\u201d por parte do instituto de imigra\u00e7\u00e3o. O inc\u00eandio mortal aumentou o escrut\u00ednio das [&hellip;]<\/p>\n","protected":false},"author":1,"featured_media":54628,"comment_status":"open","ping_status":"closed","sticky":false,"template":"","format":"standard","meta":{"_links_to":"","_links_to_target":""},"categories":[3,8,1],"tags":[],"views":903,"_links":{"self":[{"href":"https:\/\/www.brazilianpress.com\/v1\/wp-json\/wp\/v2\/posts\/54841"}],"collection":[{"href":"https:\/\/www.brazilianpress.com\/v1\/wp-json\/wp\/v2\/posts"}],"about":[{"href":"https:\/\/www.brazilianpress.com\/v1\/wp-json\/wp\/v2\/types\/post"}],"author":[{"embeddable":true,"href":"https:\/\/www.brazilianpress.com\/v1\/wp-json\/wp\/v2\/users\/1"}],"replies":[{"embeddable":true,"href":"https:\/\/www.brazilianpress.com\/v1\/wp-json\/wp\/v2\/comments?post=54841"}],"version-history":[{"count":2,"href":"https:\/\/www.brazilianpress.com\/v1\/wp-json\/wp\/v2\/posts\/54841\/revisions"}],"predecessor-version":[{"id":54843,"href":"https:\/\/www.brazilianpress.com\/v1\/wp-json\/wp\/v2\/posts\/54841\/revisions\/54843"}],"wp:featuredmedia":[{"embeddable":true,"href":"https:\/\/www.brazilianpress.com\/v1\/wp-json\/wp\/v2\/media\/54628"}],"wp:attachment":[{"href":"https:\/\/www.brazilianpress.com\/v1\/wp-json\/wp\/v2\/media?parent=54841"}],"wp:term":[{"taxonomy":"category","embeddable":true,"href":"https:\/\/www.brazilianpress.com\/v1\/wp-json\/wp\/v2\/categories?post=54841"},{"taxonomy":"post_tag","embeddable":true,"href":"https:\/\/www.brazilianpress.com\/v1\/wp-json\/wp\/v2\/tags?post=54841"}],"curies":[{"name":"wp","href":"https:\/\/api.w.org\/{rel}","templated":true}]}}