{"id":54844,"date":"2023-04-26T12:10:47","date_gmt":"2023-04-26T16:10:47","guid":{"rendered":"https:\/\/www.brazilianpress.com\/v1\/?p=54844"},"modified":"2023-04-26T12:10:47","modified_gmt":"2023-04-26T16:10:47","slug":"fotos-em-um-mes-mexico-detem-81-brasileiros-em-nova-rota-migratoria-para-os-eua","status":"publish","type":"post","link":"https:\/\/www.brazilianpress.com\/v1\/2023\/04\/26\/fotos-em-um-mes-mexico-detem-81-brasileiros-em-nova-rota-migratoria-para-os-eua\/","title":{"rendered":"Fotos: Em um m\u00eas, M\u00e9xico det\u00e9m 81 brasileiros em nova rota migrat\u00f3ria para os EUA"},"content":{"rendered":"<p><strong>As autoridades mexicanas informaram a deten\u00e7\u00e3o de quatro grupos de pessoas provenientes do Brasil em uma nova rota migrat\u00f3ria usada por quem deseja entrar irregularmente nos Estados Unidos, a partir do estado de Yucat\u00e1n, nos \u00faltimos trinta dias. Ao todo, foram pelo menos 81 brasileiros barrados pela pol\u00edcia do M\u00e9xico desde 28 de mar\u00e7o.<\/strong><\/p>\n<p>A \u00faltima apreens\u00e3o aconteceu nesta segunda-feira. Na ocasi\u00e3o, 42 brasileiros suspeitos de terem entrado ilegalmente no pa\u00eds foram encontrados em uma van. O destino do ve\u00edculo seria a fronteira dos EUA. Segundo a Secretaria de Seguran\u00e7a P\u00fablica de Yucat\u00e1n (SSP), estado no qual o grupo estava, os brasileiros foram transferidos para o Instituto Nacional de Migra\u00e7\u00e3o (INM).<\/p>\n<p><img src=\"https:\/\/s2.glbimg.com\/Y45n6w7Nf1pwXQ56lU5YHaNRKqI=\/857x0\/smart\/filters:strip_icc()\/i.s3.glbimg.com\/v1\/AUTH_da025474c0c44edd99332dddb09cabe8\/internal_photos\/bs\/2023\/K\/g\/b6gvg0Rgq7kxME6odkhw\/whatsapp-image-2023-04-26-at-11.36.06.jpeg\" \/><\/p>\n<p>O ve\u00edculo, uma Volkswagen Sprinter, estava superlotado e levava 16 homens, 16 mulheres e 10 menores de idade. Procurado, o Itamaraty ainda n\u00e3o se manifestou sobre o caso. Carmen Yadira de los Santos Robledo, chefe do escrit\u00f3rio local do INM, afirmou que no momento ocorre &#8220;uma onda tempor\u00e1ria de migrantes&#8221; em busca de novas rotas para ir para os Estados Unidos.<\/p>\n<p><img src=\"https:\/\/s2.glbimg.com\/vT5JLDTQRUunVVAltmaS7vNrBfM=\/728x0\/smart\/filters:strip_icc()\/i.s3.glbimg.com\/v1\/AUTH_da025474c0c44edd99332dddb09cabe8\/internal_photos\/bs\/2023\/C\/l\/BVXsiDSWmRf3G8PEaHAw\/whatsapp-image-2023-04-26-at-11.35.54.jpeg\" \/><\/p>\n<p>O secret\u00e1rio-geral do Sindicato Nacional dos Trabalhadores do Minist\u00e9rio do Interior, Rodrigo Alcocer Sol\u00eds, disse \u00e0 imprensa local que o aumento no fluxo de indocumentados do Brasil registrado em Yucat\u00e1n, nas \u00faltimas semanas, \u00e9 consequ\u00eancia do fechamento das principais rotas migrat\u00f3rias para os Estados Unidos. O governo de Yucat\u00e1n espera encontrar mais imigrantes em situa\u00e7\u00e3o irregular nos pr\u00f3ximos dias, mas posteriormente o fluxo tende a diminuir por ser uma via indireta para alcan\u00e7ar o territ\u00f3rio americano. O estado fica no Golfo do M\u00e9xico e sua capital, M\u00e9rida, est\u00e1 a dois mil km de dist\u00e2ncia da fronteira mais pr\u00f3xima dos EUA.<\/p>\n<p><img src=\"https:\/\/s2.glbimg.com\/jgFmePWOBaxDWEA1flc8MQDO7pM=\/428x0\/smart\/filters:strip_icc()\/i.s3.glbimg.com\/v1\/AUTH_da025474c0c44edd99332dddb09cabe8\/internal_photos\/bs\/2023\/U\/s\/EJFi6bRYCgSopZy2tyag\/whatsapp-image-2023-04-26-at-11.43.21.jpeg\" \/><\/p>\n<p><strong>Pris\u00f5es dos imigrantes<\/strong><\/p>\n<p>A van que transportava os brasileiros nesta segunda-feira foi encontrada no quil\u00f4metro 114 da rodovia federal M\u00e9rida-Campeche. Na mesma autoestrada, em 21 de abril, um outro grupo de imigrantes acabou barrado pelas autoridades locais. Nele havia 25 brasileiros, sendo 15 homens, nove mulheres e uma crian\u00e7a. Em 28 de mar\u00e7o, um outro grupo de brasileiros foi detido em Yucat\u00e1n durante opera\u00e7\u00e3o do Minist\u00e9rio de Seguran\u00e7a P\u00fablica (SSP). Desta vez, na rodovia M\u00e9rida-Um\u00e1n. Havia 14 brasileiros se deslocando de \u00f4nibus junto com imigrantes da \u00cdndia. As autoridades locais apreenderam, tamb\u00e9m, um grupo de 162 imigrantes de seis pa\u00edses: Brasil, \u00cdndia, Vietn\u00e3, Rep\u00fablica Dominicana, Brasil, Hait\u00ed, Cuba e Guatemala. N\u00e3o foi especificado quantos imigrantes eram de cada nacionalidade.<\/p>\n<p>\/\/ Ag\u00eancia Globo.<\/p>\n","protected":false},"excerpt":{"rendered":"<p>As autoridades mexicanas informaram a deten\u00e7\u00e3o de quatro grupos de pessoas provenientes do Brasil em uma nova rota migrat\u00f3ria usada por quem deseja entrar irregularmente nos Estados Unidos, a partir do estado de Yucat\u00e1n, nos \u00faltimos trinta dias. Ao todo, foram pelo menos 81 brasileiros barrados pela pol\u00edcia do M\u00e9xico desde 28 de mar\u00e7o. A \u00faltima apreens\u00e3o aconteceu nesta segunda-feira. Na ocasi\u00e3o, 42 brasileiros suspeitos de terem entrado ilegalmente no pa\u00eds foram encontrados em uma van. O destino do ve\u00edculo seria a fronteira dos EUA. Segundo a Secretaria de Seguran\u00e7a P\u00fablica de Yucat\u00e1n (SSP), estado no qual o grupo estava, [&hellip;]<\/p>\n","protected":false},"author":1,"featured_media":54845,"comment_status":"open","ping_status":"closed","sticky":false,"template":"","format":"standard","meta":{"_links_to":"","_links_to_target":""},"categories":[4,3,1],"tags":[],"views":880,"_links":{"self":[{"href":"https:\/\/www.brazilianpress.com\/v1\/wp-json\/wp\/v2\/posts\/54844"}],"collection":[{"href":"https:\/\/www.brazilianpress.com\/v1\/wp-json\/wp\/v2\/posts"}],"about":[{"href":"https:\/\/www.brazilianpress.com\/v1\/wp-json\/wp\/v2\/types\/post"}],"author":[{"embeddable":true,"href":"https:\/\/www.brazilianpress.com\/v1\/wp-json\/wp\/v2\/users\/1"}],"replies":[{"embeddable":true,"href":"https:\/\/www.brazilianpress.com\/v1\/wp-json\/wp\/v2\/comments?post=54844"}],"version-history":[{"count":1,"href":"https:\/\/www.brazilianpress.com\/v1\/wp-json\/wp\/v2\/posts\/54844\/revisions"}],"predecessor-version":[{"id":54846,"href":"https:\/\/www.brazilianpress.com\/v1\/wp-json\/wp\/v2\/posts\/54844\/revisions\/54846"}],"wp:featuredmedia":[{"embeddable":true,"href":"https:\/\/www.brazilianpress.com\/v1\/wp-json\/wp\/v2\/media\/54845"}],"wp:attachment":[{"href":"https:\/\/www.brazilianpress.com\/v1\/wp-json\/wp\/v2\/media?parent=54844"}],"wp:term":[{"taxonomy":"category","embeddable":true,"href":"https:\/\/www.brazilianpress.com\/v1\/wp-json\/wp\/v2\/categories?post=54844"},{"taxonomy":"post_tag","embeddable":true,"href":"https:\/\/www.brazilianpress.com\/v1\/wp-json\/wp\/v2\/tags?post=54844"}],"curies":[{"name":"wp","href":"https:\/\/api.w.org\/{rel}","templated":true}]}}