{"id":54923,"date":"2023-05-10T17:36:06","date_gmt":"2023-05-10T21:36:06","guid":{"rendered":"https:\/\/www.brazilianpress.com\/v1\/?p=54923"},"modified":"2023-05-10T17:36:06","modified_gmt":"2023-05-10T21:36:06","slug":"atencao-mudanca-na-lei-do-cpf-vai-afetar-brasileiros-no-exterior-saiba-o-que-voce-deve-fazer","status":"publish","type":"post","link":"https:\/\/www.brazilianpress.com\/v1\/2023\/05\/10\/atencao-mudanca-na-lei-do-cpf-vai-afetar-brasileiros-no-exterior-saiba-o-que-voce-deve-fazer\/","title":{"rendered":"Aten\u00e7\u00e3o: Mudan\u00e7a na lei do CPF vai afetar brasileiros no exterior. Saiba o que voc\u00ea deve fazer"},"content":{"rendered":"<p><strong>Com a nova Lei Federal 14.534, o CPF passar\u00e1 a ser o \u00fanico n\u00famero de identifica\u00e7\u00e3o dos cidad\u00e3os brasileiros para todas as rela\u00e7\u00f5es do indiv\u00edduo com o Estado. Isso significa que \u00f3rg\u00e3os p\u00fablicos, inclusive os consulados e as embaixadas do Brasil, n\u00e3o poder\u00e3o mais pedir documentos al\u00e9m do CPF para prestar qualquer tipo de servi\u00e7o.<\/strong><\/p>\n<p>O objetivo \u00e9 desburocratizar processos e evitar que as pessoas precisem decorar v\u00e1rios n\u00fameros diferentes. A lei foi sancionada em 11 de janeiro deste ano pelo presidente Luiz In\u00e1cio Lula da Silva (PT), mas entrar\u00e1 em vigor em janeiro de 2024. Os \u00f3rg\u00e3os p\u00fablicos ter\u00e3o 12 meses para adequar os sistemas e os procedimentos de atendimento aos cidada\u0303os para a adoc\u0327a\u0303o do CPF como nu\u0301mero de identificac\u0327a\u0303o.<\/p>\n<p>O n\u00famero do CPF ser\u00e1 inscrito em certid\u00f5es de nascimento, casamento e \u00f3bito, na Carteira de Trabalho e Previd\u00eancia Social (CTPS), na Carteira Nacional de Habilita\u00e7\u00e3o (CNH) e em outros documentos.<\/p>\n<p>Segundo o Minist\u00e9rio das Rela\u00e7\u00f5es Exteriores, os consulados j\u00e1 est\u00e3o se preparando para a nova realidade, e o CPF j\u00e1 vem sendo inclu\u00eddo na certid\u00e3o de nascimento de filhos de brasileiros que nasceram e foram registrados no exterior. A partir do ano que vem, todos os servi\u00e7os prestados nos consulados, como solicita\u00e7\u00e3o de passaportes, atestados e certid\u00f5es de nascimento, dever\u00e3o conter o n\u00famero do CPF.<\/p>\n<p>A orienta\u00e7\u00e3o do Itamaraty \u00e9 que todos os brasileiros, mesmo aqueles que n\u00e3o t\u00eam planos de regressar ao Brasil, emitam CPF, caso n\u00e3o o tenham, ou consultem sua situa\u00e7\u00e3o cadastral na Receita Federal para verificar se n\u00e3o h\u00e1 nenhuma pend\u00eancia,\u00a0por meio deste link: <a href=\"https:\/\/servicos.receita.fazenda.gov.br\/servicos\/cpf\/consultasituacao\/consultapublica.asp\" target=\"_blank\" rel=\"noopener\">https:\/\/servicos.receita.fazenda.gov.br\/servicos\/cpf\/consultasituacao\/consultapublica.asp<\/a>. A solicita\u00e7\u00e3o para inscrever ou regularizar o CPF \u00e9 simples e pode ser realizada virtualmente, sem que o cidad\u00e3o precise sair de casa. Veja abaixo o passo a passo:<\/p>\n<p>1- Acesse\u00a0este link;<br \/>\n2- No pr\u00f3prio site, selecione o pa\u00eds onde voc\u00ea mora atualmente;<br \/>\n3- Preencha o formul\u00e1rio de acordo com o servi\u00e7o desejado (inscri\u00e7\u00e3o, altera\u00e7\u00e3o, cancelamento ou regulariza\u00e7\u00e3o de documento, no caso o CPF);<br \/>\n4- Clique em &#8220;Enviar&#8221;;<br \/>\n5- Imprima o formul\u00e1rio preenchido a partir do bot\u00e3o &#8220;Imprimir&#8221;;<br \/>\n6- Entregue-o em uma representa\u00e7\u00e3o diplom\u00e1tica brasileira em at\u00e9 15 dias, juntamente com os documentos listados no quadro de documenta\u00e7\u00e3o.<\/p>\n","protected":false},"excerpt":{"rendered":"<p>Com a nova Lei Federal 14.534, o CPF passar\u00e1 a ser o \u00fanico n\u00famero de identifica\u00e7\u00e3o dos cidad\u00e3os brasileiros para todas as rela\u00e7\u00f5es do indiv\u00edduo com o Estado. Isso significa que \u00f3rg\u00e3os p\u00fablicos, inclusive os consulados e as embaixadas do Brasil, n\u00e3o poder\u00e3o mais pedir documentos al\u00e9m do CPF para prestar qualquer tipo de servi\u00e7o. O objetivo \u00e9 desburocratizar processos e evitar que as pessoas precisem decorar v\u00e1rios n\u00fameros diferentes. A lei foi sancionada em 11 de janeiro deste ano pelo presidente Luiz In\u00e1cio Lula da Silva (PT), mas entrar\u00e1 em vigor em janeiro de 2024. Os \u00f3rg\u00e3os p\u00fablicos ter\u00e3o [&hellip;]<\/p>\n","protected":false},"author":1,"featured_media":54924,"comment_status":"open","ping_status":"closed","sticky":false,"template":"","format":"standard","meta":{"_links_to":"","_links_to_target":""},"categories":[4,3,1],"tags":[],"views":1284,"_links":{"self":[{"href":"https:\/\/www.brazilianpress.com\/v1\/wp-json\/wp\/v2\/posts\/54923"}],"collection":[{"href":"https:\/\/www.brazilianpress.com\/v1\/wp-json\/wp\/v2\/posts"}],"about":[{"href":"https:\/\/www.brazilianpress.com\/v1\/wp-json\/wp\/v2\/types\/post"}],"author":[{"embeddable":true,"href":"https:\/\/www.brazilianpress.com\/v1\/wp-json\/wp\/v2\/users\/1"}],"replies":[{"embeddable":true,"href":"https:\/\/www.brazilianpress.com\/v1\/wp-json\/wp\/v2\/comments?post=54923"}],"version-history":[{"count":1,"href":"https:\/\/www.brazilianpress.com\/v1\/wp-json\/wp\/v2\/posts\/54923\/revisions"}],"predecessor-version":[{"id":54925,"href":"https:\/\/www.brazilianpress.com\/v1\/wp-json\/wp\/v2\/posts\/54923\/revisions\/54925"}],"wp:featuredmedia":[{"embeddable":true,"href":"https:\/\/www.brazilianpress.com\/v1\/wp-json\/wp\/v2\/media\/54924"}],"wp:attachment":[{"href":"https:\/\/www.brazilianpress.com\/v1\/wp-json\/wp\/v2\/media?parent=54923"}],"wp:term":[{"taxonomy":"category","embeddable":true,"href":"https:\/\/www.brazilianpress.com\/v1\/wp-json\/wp\/v2\/categories?post=54923"},{"taxonomy":"post_tag","embeddable":true,"href":"https:\/\/www.brazilianpress.com\/v1\/wp-json\/wp\/v2\/tags?post=54923"}],"curies":[{"name":"wp","href":"https:\/\/api.w.org\/{rel}","templated":true}]}}