{"id":552,"date":"2013-05-15T23:51:42","date_gmt":"2013-05-16T03:51:42","guid":{"rendered":"http:\/\/www.brazilianpress.com\/v1\/?p=552"},"modified":"2013-05-15T23:51:42","modified_gmt":"2013-05-16T03:51:42","slug":"angelina-jolie-diz-ter-retirado-seios-para-evitar-cancer","status":"publish","type":"post","link":"https:\/\/www.brazilianpress.com\/v1\/2013\/05\/15\/angelina-jolie-diz-ter-retirado-seios-para-evitar-cancer\/","title":{"rendered":"Angelina Jolie diz ter retirado seios para evitar c\u00e2ncer"},"content":{"rendered":"<p><img loading=\"lazy\" class=\"alignright size-medium wp-image-553\" alt=\"Angelina Jolie\" src=\"http:\/\/www.brazilianpress.com\/v1\/wp-content\/uploads\/2013\/05\/angelina-jolie-300x200.jpg\" width=\"300\" height=\"200\" srcset=\"https:\/\/www.brazilianpress.com\/v1\/wp-content\/uploads\/2013\/05\/angelina-jolie-300x200.jpg 300w, https:\/\/www.brazilianpress.com\/v1\/wp-content\/uploads\/2013\/05\/angelina-jolie.jpg 480w\" sizes=\"(max-width: 300px) 100vw, 300px\" \/>A atriz\u00a0Angelina Jolie\u00a0anunciou ter se submetido a uma mastectomia dupla (retirada dos seios) para reduzir suas chances de desenvolver c\u00e2ncer de mama. Jolie, de 37 anos, explicou suas raz\u00f5es para a cirurgia em um artigo publicado na edi\u00e7\u00e3o de ter\u00e7a-feira (14) do jornal americano &#8220;The New York Times&#8221;. Ela disse que os m\u00e9dicos estimaram que ela tinha um risco de 87% de desenvolver c\u00e2ncer de mama e de 50% de ter c\u00e2ncer de ov\u00e1rio.<\/p>\n<p>Angelina afirmou que o processo de retirada dos seios come\u00e7ou em fevereiro e foi completado em abril. A t\u00e9cnica utilizada pela atriz foi a &#8220;nipple delay&#8221;, que n\u00e3o danifica esteticamente o mamilo. Embora o procedimento deixe hematomas e provoque dores por ser mais lento do que a mastectomia usual, Jolie esvaziou o tecido e, ao final do tratamento, reconstruiu a mama por meio de implante de pr\u00f3tese de silicone.<\/p>\n<p>No artigo intitulado My Medical Choice (minha escolha m\u00e9dica), Jolie explicou que sua m\u00e3e lutou contra o c\u00e2ncer por quase uma d\u00e9cada e morreu aos 56 anos.<\/p>\n<p>Ela disse que procurou garantir aos seus filhos que a mesma doen\u00e7a n\u00e3o a tiraria deles. &#8220;Mas a verdade \u00e9 que eu tenho um gene falho, o BRCA1, que aumenta consideravelmente minhas chances de desenvolver c\u00e2ncer de mama e c\u00e2ncer de ov\u00e1rio&#8221;, disse.<\/p>\n<p>Segundo a atriz, uma vez que ela &#8220;soube que essa era a realidade&#8221;, tomou a decis\u00e3o de passar pelo processo cir\u00fargico de nove semanas para a mastectomia dupla.<\/p>\n<p>De acordo com ela, suas chances de desenvolver c\u00e2ncer de mama agora ca\u00edram de 87% para menos de 5%.<\/p>\n<p>Ela elogiou seu companheiro, o tamb\u00e9m ator\u00a0Brad Pitt\u00a0, por seu amor e apoio durante o procedimento, e disse que seus filhos n\u00e3o encontraram nada nos resultados &#8220;que os deixem desconfort\u00e1veis&#8221;.<\/p>\n<p>&#8220;Eu me sinto segura de que fiz uma escolha dura e que de maneira nenhuma diminui minha feminilidade&#8221;, disse ela. &#8220;Para qualquer mulher que esteja lendo isso, espero que isso ajude voc\u00ea a saber que tem op\u00e7\u00f5es&#8221;, afirmou.<\/p>\n<p>&#8220;Quero estimular cada mulher, especialmente se voc\u00ea tem um hist\u00f3rico familiar de c\u00e2ncer de mama ou de ov\u00e1rio, a procurar informa\u00e7\u00f5es e especialistas m\u00e9dicos que podem lhe ajudar nesse aspecto de sua vida e a fazer sua pr\u00f3pria escolha informada&#8221;, comentou.<\/p>\n<p>A mastectomia dupla tem se tornado mais frequente entre mulheres consideradas no grupo de alto risco para o desenvolvimento de c\u00e2ncer de mama, por conta da evolu\u00e7\u00e3o na compreens\u00e3o do papel gen\u00e9tico no aparecimento da doen\u00e7a.<\/p>\n<p>No final do ano passado, a mulher do cantor Ozzy Osbourne,\u00a0<strong>Sharon Osbourne<\/strong>\u00a0, tamb\u00e9m revelou a uma revista que\u00a0havia passado por uma mastectomia dupla\u00a0ap\u00f3s descobrir ter o gene BRCA1.<\/p>\n","protected":false},"excerpt":{"rendered":"<p>A atriz\u00a0Angelina Jolie\u00a0anunciou ter se submetido a uma mastectomia dupla (retirada dos seios) para reduzir suas chances de desenvolver c\u00e2ncer de mama. Jolie, de 37 anos, explicou suas raz\u00f5es para a cirurgia em um artigo publicado na edi\u00e7\u00e3o de ter\u00e7a-feira (14) do jornal americano &#8220;The New York Times&#8221;. Ela disse que os m\u00e9dicos estimaram que ela tinha um risco de 87% de desenvolver c\u00e2ncer de mama e de 50% de ter c\u00e2ncer de ov\u00e1rio. Angelina afirmou que o processo de retirada dos seios come\u00e7ou em fevereiro e foi completado em abril. A t\u00e9cnica utilizada pela atriz foi a &#8220;nipple delay&#8221;, [&hellip;]<\/p>\n","protected":false},"author":1,"featured_media":553,"comment_status":"open","ping_status":"open","sticky":false,"template":"","format":"standard","meta":{"_links_to":"","_links_to_target":""},"categories":[1,10],"tags":[],"views":4269,"_links":{"self":[{"href":"https:\/\/www.brazilianpress.com\/v1\/wp-json\/wp\/v2\/posts\/552"}],"collection":[{"href":"https:\/\/www.brazilianpress.com\/v1\/wp-json\/wp\/v2\/posts"}],"about":[{"href":"https:\/\/www.brazilianpress.com\/v1\/wp-json\/wp\/v2\/types\/post"}],"author":[{"embeddable":true,"href":"https:\/\/www.brazilianpress.com\/v1\/wp-json\/wp\/v2\/users\/1"}],"replies":[{"embeddable":true,"href":"https:\/\/www.brazilianpress.com\/v1\/wp-json\/wp\/v2\/comments?post=552"}],"version-history":[{"count":2,"href":"https:\/\/www.brazilianpress.com\/v1\/wp-json\/wp\/v2\/posts\/552\/revisions"}],"predecessor-version":[{"id":555,"href":"https:\/\/www.brazilianpress.com\/v1\/wp-json\/wp\/v2\/posts\/552\/revisions\/555"}],"wp:featuredmedia":[{"embeddable":true,"href":"https:\/\/www.brazilianpress.com\/v1\/wp-json\/wp\/v2\/media\/553"}],"wp:attachment":[{"href":"https:\/\/www.brazilianpress.com\/v1\/wp-json\/wp\/v2\/media?parent=552"}],"wp:term":[{"taxonomy":"category","embeddable":true,"href":"https:\/\/www.brazilianpress.com\/v1\/wp-json\/wp\/v2\/categories?post=552"},{"taxonomy":"post_tag","embeddable":true,"href":"https:\/\/www.brazilianpress.com\/v1\/wp-json\/wp\/v2\/tags?post=552"}],"curies":[{"name":"wp","href":"https:\/\/api.w.org\/{rel}","templated":true}]}}