{"id":55471,"date":"2023-08-09T18:06:22","date_gmt":"2023-08-09T22:06:22","guid":{"rendered":"https:\/\/www.brazilianpress.com\/v1\/?p=55471"},"modified":"2023-08-09T18:06:22","modified_gmt":"2023-08-09T22:06:22","slug":"kearny-tem-o-primeiro-prefeito-brasileiro","status":"publish","type":"post","link":"https:\/\/www.brazilianpress.com\/v1\/2023\/08\/09\/kearny-tem-o-primeiro-prefeito-brasileiro\/","title":{"rendered":"Kearny tem o primeiro Prefeito brasileiro"},"content":{"rendered":"<p><strong>O Brasileiro Peter P. Santana foi nomeado prefeito da cidade de Kearny na ter\u00e7a-feira, 11 de julho de 2023. Ele \u00e9 um cidad\u00e3o naturalizado, nascido no Brasil. Ele mora com sua esposa Renata e seu filho Liam em Kearny.<\/strong><\/p>\n<p>O prefeito Santana formou-se na Faculdade Rui Barbosa no Brasil, onde obteve o bacharelado em Ci\u00eancia da Computa\u00e7\u00e3o. Ele tamb\u00e9m concluiu o mestrado em lideran\u00e7a educacional pela Saint Peter&#8217;s University.<\/p>\n<p><img loading=\"lazy\" class=\"alignnone size-full wp-image-55472\" src=\"https:\/\/www.brazilianpress.com\/v1\/wp-content\/uploads\/2023\/08\/prefeito-brasileir-kearny-nj-1.jpg\" alt=\"\" width=\"700\" height=\"407\" srcset=\"https:\/\/www.brazilianpress.com\/v1\/wp-content\/uploads\/2023\/08\/prefeito-brasileir-kearny-nj-1.jpg 700w, https:\/\/www.brazilianpress.com\/v1\/wp-content\/uploads\/2023\/08\/prefeito-brasileir-kearny-nj-1-300x174.jpg 300w\" sizes=\"(max-width: 700px) 100vw, 700px\" \/><\/p>\n<p>Atualmente trabalha para o Conselho de Educa\u00e7\u00e3o de Harrison como Diretor de TI, bem como para as Escolas de Tecnologia do Condado de Hudson como Diretor do Programa Noturno de Ensino M\u00e9dio para Adultos no Harrison Center.<\/p>\n<p><img loading=\"lazy\" class=\"alignnone size-full wp-image-55474\" src=\"https:\/\/www.brazilianpress.com\/v1\/wp-content\/uploads\/2023\/08\/prefeito-brasileir-kearny-nj-3.jpg\" alt=\"\" width=\"700\" height=\"537\" srcset=\"https:\/\/www.brazilianpress.com\/v1\/wp-content\/uploads\/2023\/08\/prefeito-brasileir-kearny-nj-3.jpg 700w, https:\/\/www.brazilianpress.com\/v1\/wp-content\/uploads\/2023\/08\/prefeito-brasileir-kearny-nj-3-300x230.jpg 300w\" sizes=\"(max-width: 700px) 100vw, 700px\" \/><\/p>\n<p>Nomeado em 2017 para preencher uma vaga do 2\u00ba Conselho do Distrito, ele posteriormente concorreu e foi eleito para o cargo de 2\u00ba Vereador do Distrito. Ele \u00e9 vereador h\u00e1 7 anos. Recentemente, concorreu \u00e0 reelei\u00e7\u00e3o e foi eleito para seu 4\u00ba mandato, que terminaria em 2025, tendo o ex Prefeito sido nomeado juiz da corte,o ent\u00e3o vereador foi escolhido entre o colegiado como Prefeito.<\/p>\n<p><img loading=\"lazy\" class=\"alignnone size-full wp-image-55475\" src=\"https:\/\/www.brazilianpress.com\/v1\/wp-content\/uploads\/2023\/08\/prefeito-brasileir-kearny-nj-4.jpg\" alt=\"\" width=\"700\" height=\"467\" srcset=\"https:\/\/www.brazilianpress.com\/v1\/wp-content\/uploads\/2023\/08\/prefeito-brasileir-kearny-nj-4.jpg 700w, https:\/\/www.brazilianpress.com\/v1\/wp-content\/uploads\/2023\/08\/prefeito-brasileir-kearny-nj-4-300x200.jpg 300w\" sizes=\"(max-width: 700px) 100vw, 700px\" \/><\/p>\n<p>Durante seu mandato de vereador , ele trabalhou em v\u00e1rios comit\u00eas e cargos de liga\u00e7\u00e3o. Atualmente \u00e9 o presidente do Comit\u00ea de Pol\u00edcia, onde trabalha em estreita colabora\u00e7\u00e3o com o Chefe de Pol\u00edcia e o Comit\u00ea de Pol\u00edcia para garantir uma comunica\u00e7\u00e3o aberta entre o Departamento de Pol\u00edcia e o corpo diretivo. Algumas realiza\u00e7\u00f5es incluem: Night Out on Crime, Programa de Vigil\u00e2ncia por Drone, Upgrade de C\u00e2mera de Vigil\u00e2ncia em toda a Cidade e Compra e Implementa\u00e7\u00e3o de Body Cams.<\/p>\n<p><img loading=\"lazy\" class=\"alignnone size-full wp-image-55476\" src=\"https:\/\/www.brazilianpress.com\/v1\/wp-content\/uploads\/2023\/08\/prefeito-brasileir-kearny-nj-5.jpg\" alt=\"\" width=\"700\" height=\"789\" srcset=\"https:\/\/www.brazilianpress.com\/v1\/wp-content\/uploads\/2023\/08\/prefeito-brasileir-kearny-nj-5.jpg 700w, https:\/\/www.brazilianpress.com\/v1\/wp-content\/uploads\/2023\/08\/prefeito-brasileir-kearny-nj-5-266x300.jpg 266w\" sizes=\"(max-width: 700px) 100vw, 700px\" \/><\/p>\n<p>Al\u00e9m disso, ele \u00e9 um membro ativo do Comit\u00ea de Recrea\u00e7\u00e3o, onde participa de reuni\u00f5es e fornece apoio a projetos, eventos, atividades esportivos e recreativos, incluindo: Desfile de Halloween, fogos de artif\u00edcio de 4 de julho, filmes e shows no parque.<\/p>\n<p>Ele participou do Senior Picnic e do Senior Boat Ride por 7 anos como churrasqueiro e organizador.<\/p>\n<p>Santana foi nomeado Padrinho Internacional do Desfile Peruano pela associa\u00e7\u00e3o c\u00edvica peruana e esteve envolvido com a organiza\u00e7\u00e3o em todas as suas atividades ao longo de seu mandato. e melhorar a qualidade de vida de moradores, organiza\u00e7\u00f5es comunit\u00e1rias e empres\u00e1rios.<\/p>\n<p>O Prefeito Santana est\u00e1 em contato constante com o Engenheiro Municipal em v\u00e1rios projetos que incluem o progresso da pavimenta\u00e7\u00e3o das ruas e redu\u00e7\u00e3o dos encanamentos de \u00e1gua com chumbo, os v\u00e1rios projetos de esta\u00e7\u00f5es de bombeamento e abordando o recapeamento do playground no Gunnel Oval.<\/p>\n","protected":false},"excerpt":{"rendered":"<p>O Brasileiro Peter P. Santana foi nomeado prefeito da cidade de Kearny na ter\u00e7a-feira, 11 de julho de 2023. Ele \u00e9 um cidad\u00e3o naturalizado, nascido no Brasil. Ele mora com sua esposa Renata e seu filho Liam em Kearny. O prefeito Santana formou-se na Faculdade Rui Barbosa no Brasil, onde obteve o bacharelado em Ci\u00eancia da Computa\u00e7\u00e3o. Ele tamb\u00e9m concluiu o mestrado em lideran\u00e7a educacional pela Saint Peter&#8217;s University. Atualmente trabalha para o Conselho de Educa\u00e7\u00e3o de Harrison como Diretor de TI, bem como para as Escolas de Tecnologia do Condado de Hudson como Diretor do Programa Noturno de Ensino [&hellip;]<\/p>\n","protected":false},"author":1,"featured_media":55473,"comment_status":"open","ping_status":"closed","sticky":false,"template":"","format":"standard","meta":{"_links_to":"","_links_to_target":""},"categories":[4,3,1],"tags":[],"views":1594,"_links":{"self":[{"href":"https:\/\/www.brazilianpress.com\/v1\/wp-json\/wp\/v2\/posts\/55471"}],"collection":[{"href":"https:\/\/www.brazilianpress.com\/v1\/wp-json\/wp\/v2\/posts"}],"about":[{"href":"https:\/\/www.brazilianpress.com\/v1\/wp-json\/wp\/v2\/types\/post"}],"author":[{"embeddable":true,"href":"https:\/\/www.brazilianpress.com\/v1\/wp-json\/wp\/v2\/users\/1"}],"replies":[{"embeddable":true,"href":"https:\/\/www.brazilianpress.com\/v1\/wp-json\/wp\/v2\/comments?post=55471"}],"version-history":[{"count":1,"href":"https:\/\/www.brazilianpress.com\/v1\/wp-json\/wp\/v2\/posts\/55471\/revisions"}],"predecessor-version":[{"id":55477,"href":"https:\/\/www.brazilianpress.com\/v1\/wp-json\/wp\/v2\/posts\/55471\/revisions\/55477"}],"wp:featuredmedia":[{"embeddable":true,"href":"https:\/\/www.brazilianpress.com\/v1\/wp-json\/wp\/v2\/media\/55473"}],"wp:attachment":[{"href":"https:\/\/www.brazilianpress.com\/v1\/wp-json\/wp\/v2\/media?parent=55471"}],"wp:term":[{"taxonomy":"category","embeddable":true,"href":"https:\/\/www.brazilianpress.com\/v1\/wp-json\/wp\/v2\/categories?post=55471"},{"taxonomy":"post_tag","embeddable":true,"href":"https:\/\/www.brazilianpress.com\/v1\/wp-json\/wp\/v2\/tags?post=55471"}],"curies":[{"name":"wp","href":"https:\/\/api.w.org\/{rel}","templated":true}]}}