{"id":55492,"date":"2023-08-10T17:04:12","date_gmt":"2023-08-10T21:04:12","guid":{"rendered":"https:\/\/www.brazilianpress.com\/v1\/?p=55492"},"modified":"2023-08-10T17:04:12","modified_gmt":"2023-08-10T21:04:12","slug":"paulo-autuori-chega-ao-cruzeiro-para-ser-diretor-tecnico-veja-detalhes-da-funcao","status":"publish","type":"post","link":"https:\/\/www.brazilianpress.com\/v1\/2023\/08\/10\/paulo-autuori-chega-ao-cruzeiro-para-ser-diretor-tecnico-veja-detalhes-da-funcao\/","title":{"rendered":"Paulo Autuori chega ao Cruzeiro para ser diretor-t\u00e9cnico; veja detalhes da fun\u00e7\u00e3o"},"content":{"rendered":"<p><strong>Paulo Autuori j\u00e1 est\u00e1 em Belo Horizonte para assumir as fun\u00e7\u00f5es de diretor-t\u00e9cnico no\u00a0Cruzeiro. O profissional de 66 anos ter\u00e1 um cargo dentro do organograma da SAF de Ronaldo Fen\u00f4meno e vai ajudar na parte de integra\u00e7\u00e3o.<\/strong><\/p>\n<p>&#8211; Voltar ao\u00a0Cruzeiro, para mim, \u00e9 um motivo de honra. Sabemos o qu\u00e3o importante \u00e9 o\u00a0Cruzeiro\u00a0no cen\u00e1rio do futebol brasileiro e internacionalmente tamb\u00e9m. Para sempre, ficar\u00e1 eternizado na mente e no cora\u00e7\u00e3o em todos os momentos que estive aqui. Vejo isso com satisfa\u00e7\u00e3o enorme. Honra e orgulho gigantesco &#8211; disse Autuori em declara\u00e7\u00e3o veiculada pelo\u00a0Cruzeiro.<\/p>\n<p>&#8211; Chega para desenvolver toda a metodologia de trabalho do clube. Ele vem para olhar a cadeia como um todo, participar ativamente da constru\u00e7\u00e3o de rotina de todas as equipes, do sub-14 ao profissional, passando tamb\u00e9m pelo futebol feminino &#8211; explicou Pedro Martins, diretor executivo de futebol, na \u00faltima semana, sobre a fun\u00e7\u00e3o de Paulo Autuori.<\/p>\n<p>De acordo com Pedro Martins, a contrata\u00e7\u00e3o de Paulo Autuori vai fazer com que a SAF consiga trabalhar de forma mais conjunta em todas as categorias do futebol, aumentando o n\u00edvel geral do clube.<\/p>\n<p>A ideia do clube \u00e9 que Autuori cuide de todo o processo das categorias, trazendo mais homogeneidade nos processos em todas elas. O brasileiro estava no Atl\u00e9tico Nacional, mas deixou o clube h\u00e1 um m\u00eas, antes do in\u00edcio das oitavas da Libertadores. Ele n\u00e3o pretende mais exercer fun\u00e7\u00e3o de treinador no Brasil.<\/p>\n<p>A fun\u00e7\u00e3o que ser\u00e1 exercida por Paulo Autuori era de responsabilidade de Paulo Andr\u00e9. Agora, Paulo Andr\u00e9 vai cuidar exclusivamente do Valladolid, da Espanha.<\/p>\n<p>Paulo Autuori tem 66 anos e vasta experi\u00eancia no futebol mundial, seja como t\u00e9cnico ou fora das quatro linhas. O \u00faltimo trabalho foi como treinador do Atl\u00e9tico Nacional, da Col\u00f4mbia, mas, antes disso, vinha exercendo fun\u00e7\u00f5es nos bastidores. Entre 2021 e 2022, teve passagens r\u00e1pidas como coordenador t\u00e9cnico de Athletico-PR, Goi\u00e1s e Internacional.<\/p>\n<p>A hist\u00f3ria do profissional tamb\u00e9m est\u00e1 intimamente ligada ao\u00a0Cruzeiro. Como t\u00e9cnico, ele conquistou a Libertadores de 1997, a segunda da hist\u00f3ria do clube. Tamb\u00e9m teve passagens pela Toca da Raposa em 2000 e 2007.<\/p>\n<p>Tamb\u00e9m \u00e0 beira do campo, conquistou a Libertadores e o Mundial de 2005, com o S\u00e3o Paulo, al\u00e9m do Brasileir\u00e3o de 1995, com o Botafogo. Acumula ainda passagens por Bulg\u00e1ria, Catar, Jap\u00e3o, Peru e Portugal.<\/p>\n","protected":false},"excerpt":{"rendered":"<p>Paulo Autuori j\u00e1 est\u00e1 em Belo Horizonte para assumir as fun\u00e7\u00f5es de diretor-t\u00e9cnico no\u00a0Cruzeiro. O profissional de 66 anos ter\u00e1 um cargo dentro do organograma da SAF de Ronaldo Fen\u00f4meno e vai ajudar na parte de integra\u00e7\u00e3o. &#8211; Voltar ao\u00a0Cruzeiro, para mim, \u00e9 um motivo de honra. Sabemos o qu\u00e3o importante \u00e9 o\u00a0Cruzeiro\u00a0no cen\u00e1rio do futebol brasileiro e internacionalmente tamb\u00e9m. Para sempre, ficar\u00e1 eternizado na mente e no cora\u00e7\u00e3o em todos os momentos que estive aqui. Vejo isso com satisfa\u00e7\u00e3o enorme. Honra e orgulho gigantesco &#8211; disse Autuori em declara\u00e7\u00e3o veiculada pelo\u00a0Cruzeiro. &#8211; Chega para desenvolver toda a metodologia de [&hellip;]<\/p>\n","protected":false},"author":1,"featured_media":55493,"comment_status":"open","ping_status":"closed","sticky":false,"template":"","format":"standard","meta":{"_links_to":"","_links_to_target":""},"categories":[9,1],"tags":[],"views":900,"_links":{"self":[{"href":"https:\/\/www.brazilianpress.com\/v1\/wp-json\/wp\/v2\/posts\/55492"}],"collection":[{"href":"https:\/\/www.brazilianpress.com\/v1\/wp-json\/wp\/v2\/posts"}],"about":[{"href":"https:\/\/www.brazilianpress.com\/v1\/wp-json\/wp\/v2\/types\/post"}],"author":[{"embeddable":true,"href":"https:\/\/www.brazilianpress.com\/v1\/wp-json\/wp\/v2\/users\/1"}],"replies":[{"embeddable":true,"href":"https:\/\/www.brazilianpress.com\/v1\/wp-json\/wp\/v2\/comments?post=55492"}],"version-history":[{"count":1,"href":"https:\/\/www.brazilianpress.com\/v1\/wp-json\/wp\/v2\/posts\/55492\/revisions"}],"predecessor-version":[{"id":55494,"href":"https:\/\/www.brazilianpress.com\/v1\/wp-json\/wp\/v2\/posts\/55492\/revisions\/55494"}],"wp:featuredmedia":[{"embeddable":true,"href":"https:\/\/www.brazilianpress.com\/v1\/wp-json\/wp\/v2\/media\/55493"}],"wp:attachment":[{"href":"https:\/\/www.brazilianpress.com\/v1\/wp-json\/wp\/v2\/media?parent=55492"}],"wp:term":[{"taxonomy":"category","embeddable":true,"href":"https:\/\/www.brazilianpress.com\/v1\/wp-json\/wp\/v2\/categories?post=55492"},{"taxonomy":"post_tag","embeddable":true,"href":"https:\/\/www.brazilianpress.com\/v1\/wp-json\/wp\/v2\/tags?post=55492"}],"curies":[{"name":"wp","href":"https:\/\/api.w.org\/{rel}","templated":true}]}}