{"id":55495,"date":"2023-08-10T17:06:04","date_gmt":"2023-08-10T21:06:04","guid":{"rendered":"https:\/\/www.brazilianpress.com\/v1\/?p=55495"},"modified":"2023-08-10T17:06:04","modified_gmt":"2023-08-10T21:06:04","slug":"vitoria-do-atletico-mg-tem-discurso-de-hulk-emocionado-e-de-apoio-a-felipao-nao-merece-essa-pressao","status":"publish","type":"post","link":"https:\/\/www.brazilianpress.com\/v1\/2023\/08\/10\/vitoria-do-atletico-mg-tem-discurso-de-hulk-emocionado-e-de-apoio-a-felipao-nao-merece-essa-pressao\/","title":{"rendered":"Vit\u00f3ria do Atl\u00e9tico-MG tem discurso de Hulk emocionado e de apoio a Felip\u00e3o: &#8220;N\u00e3o merece essa press\u00e3o&#8221;"},"content":{"rendered":"<p><strong>A vit\u00f3ria do\u00a0Atl\u00e9tico-MG\u00a0sobre o S\u00e3o Paulo, no \u00faltimo domingo, colocou fim a um jejum de 10 jogos sem vencer. Antes de a bola rolar, Hulk pediu a palavra no vesti\u00e1rio. Em discurso emocionado,\u00a0o atacante disse estar passando o pior momento na carreira e elogiou Felip\u00e3o, dizendo o que o treinador n\u00e3o merece a press\u00e3o que vem sofrendo.<\/strong><\/p>\n<p>&#8220;Passei por muitos momentos, nunca passei pelo momento que eu t\u00f4 passando hoje. J\u00e1 trabalhei com v\u00e1rios treinadores. Muitos bons tecnicamente, muitos bons no esp\u00edrito motivacional, mas cara, n\u00e3o \u00e9 porque t\u00e1 na minha frente n\u00e3o, mas esse cara aqui, que t\u00e1 na minha frente de todos que est\u00e3o aqui, n\u00f3s estamos trabalhando para caralho, mas ele n\u00e3o merece essa press\u00e3o&#8221;<\/p>\n<p>O camisa 7 ainda seguiu falando sobre o momento que vem passando no Galo. At\u00e9 a vit\u00f3ria de domingo, eram 10 jogos sem vencer. Segundo o jogador, a \u00faltima semana, ap\u00f3s a derrota para o Palmeiras, pela Libertadores foi uma das mais dif\u00edceis da carreira.<\/p>\n<p>&#8211; Pedi para dar uma palavra hoje aqui. Talvez s\u00f3 o R\u00e9ver aqui tenha mais tempo que eu no profissional. S\u00e3o 20 anos. A gente pode sair daqui hoje sem a vit\u00f3ria, mas ra\u00e7a n\u00e3o vai faltar n\u00e3o. Essa \u00faltima semana foi dif\u00edcil para caralho, ajoelhei muito o joelho no ch\u00e3o. E ele s\u00f3 me direcionava para uma dire\u00e7\u00e3o: confian\u00e7a. O que a gente t\u00e1 passando aqui \u00e9 de revolta, porque a gente t\u00e1 trabalhando para caralho. Hoje a gente muda essa ***.<\/p>\n<p>Os bastidores divulgados pelo Atl\u00e9tico ainda t\u00eam mais momentos curiosos. O lateral esquerdo Guilherme Arana esteve com o filho, tamb\u00e9m Guilherme, no vesti\u00e1rio. O &#8220;amuleto&#8221; d\u00e1 beijo na chuteira do pai e entra em campo com o jogador.<\/p>\n<p>Ao fim da partida, o goleiro Rafael, ex-Galo, faz quest\u00e3o de cumprimentar funcion\u00e1rios do clube. O arqueiro do S\u00e3o Paulo abra\u00e7a ex-companheiros. O estreante da noite na S\u00e9rie A, Matheus Mendes, comemorou ter passado o jogo, no Morumbi, sem levar gols. O preparador de goleiros, Danilo Minutti, deu recado ao fim da partida para os goleiros: &#8211; Daqui para mais. Vencedor de verdade \u00e9 aquele que cai e levanta. Independente de quem.. \u00e9 daqui para cima.<\/p>\n","protected":false},"excerpt":{"rendered":"<p>A vit\u00f3ria do\u00a0Atl\u00e9tico-MG\u00a0sobre o S\u00e3o Paulo, no \u00faltimo domingo, colocou fim a um jejum de 10 jogos sem vencer. Antes de a bola rolar, Hulk pediu a palavra no vesti\u00e1rio. Em discurso emocionado,\u00a0o atacante disse estar passando o pior momento na carreira e elogiou Felip\u00e3o, dizendo o que o treinador n\u00e3o merece a press\u00e3o que vem sofrendo. &#8220;Passei por muitos momentos, nunca passei pelo momento que eu t\u00f4 passando hoje. J\u00e1 trabalhei com v\u00e1rios treinadores. Muitos bons tecnicamente, muitos bons no esp\u00edrito motivacional, mas cara, n\u00e3o \u00e9 porque t\u00e1 na minha frente n\u00e3o, mas esse cara aqui, que t\u00e1 na [&hellip;]<\/p>\n","protected":false},"author":1,"featured_media":55496,"comment_status":"open","ping_status":"closed","sticky":false,"template":"","format":"standard","meta":{"_links_to":"","_links_to_target":""},"categories":[9,1],"tags":[],"views":831,"_links":{"self":[{"href":"https:\/\/www.brazilianpress.com\/v1\/wp-json\/wp\/v2\/posts\/55495"}],"collection":[{"href":"https:\/\/www.brazilianpress.com\/v1\/wp-json\/wp\/v2\/posts"}],"about":[{"href":"https:\/\/www.brazilianpress.com\/v1\/wp-json\/wp\/v2\/types\/post"}],"author":[{"embeddable":true,"href":"https:\/\/www.brazilianpress.com\/v1\/wp-json\/wp\/v2\/users\/1"}],"replies":[{"embeddable":true,"href":"https:\/\/www.brazilianpress.com\/v1\/wp-json\/wp\/v2\/comments?post=55495"}],"version-history":[{"count":1,"href":"https:\/\/www.brazilianpress.com\/v1\/wp-json\/wp\/v2\/posts\/55495\/revisions"}],"predecessor-version":[{"id":55497,"href":"https:\/\/www.brazilianpress.com\/v1\/wp-json\/wp\/v2\/posts\/55495\/revisions\/55497"}],"wp:featuredmedia":[{"embeddable":true,"href":"https:\/\/www.brazilianpress.com\/v1\/wp-json\/wp\/v2\/media\/55496"}],"wp:attachment":[{"href":"https:\/\/www.brazilianpress.com\/v1\/wp-json\/wp\/v2\/media?parent=55495"}],"wp:term":[{"taxonomy":"category","embeddable":true,"href":"https:\/\/www.brazilianpress.com\/v1\/wp-json\/wp\/v2\/categories?post=55495"},{"taxonomy":"post_tag","embeddable":true,"href":"https:\/\/www.brazilianpress.com\/v1\/wp-json\/wp\/v2\/tags?post=55495"}],"curies":[{"name":"wp","href":"https:\/\/api.w.org\/{rel}","templated":true}]}}