{"id":55498,"date":"2023-08-10T17:07:39","date_gmt":"2023-08-10T21:07:39","guid":{"rendered":"https:\/\/www.brazilianpress.com\/v1\/?p=55498"},"modified":"2023-08-10T17:07:39","modified_gmt":"2023-08-10T21:07:39","slug":"encontrada-morta-estudante-mexicana-desaparecida-na-alemanha","status":"publish","type":"post","link":"https:\/\/www.brazilianpress.com\/v1\/2023\/08\/10\/encontrada-morta-estudante-mexicana-desaparecida-na-alemanha\/","title":{"rendered":"Encontrada morta estudante mexicana desaparecida na Alemanha"},"content":{"rendered":"<p><strong>A mexicana Mar\u00eda Fernanda S\u00e1nchez, que teve a comunica\u00e7\u00e3o de desaparecida em Berlim, onde estudava, foi encontrada morta no s\u00e1bado (5), informou a fam\u00edlia em uma mensagem divulgada pela chancelaria do M\u00e9xico. &#8220;Com profunda tristeza, informamos que hoje, 5 de agosto, a pol\u00edcia da Alemanha confirmou que nossa filha Mar\u00eda Fernanda foi encontrada sem vida&#8221;, diz o texto.<\/strong><\/p>\n<p>Segundo informa\u00e7\u00f5es da pol\u00edcia alem\u00e3 citadas pela imprensa mexicana, o corpo teria sido localizado no canal Teltow, no bairro Adlershof de Berlim, e a partir dos primeiros ind\u00edcios &#8220;n\u00e3o se pode presumir culpa de terceiros&#8221; pela morte. A chanceler mexicana Alicia Barcena expressou solidariedade \u00e0 fam\u00edlia da jovem. &#8220;Vamos acompanhar a investiga\u00e7\u00e3o do ocorrido&#8221;, disse nas redes sociais.<\/p>\n<p>O paradeiro da estudante de 24 anos era desconhecido desde s\u00e1bado, 22 de julho, quando ela saiu de seu apartamento e n\u00e3o retornou. &#8220;Agradecemos o apoio e a solidariedade. Pedimos respeito \u00e0 mem\u00f3ria de nossa filha, ao nosso luto e \u00e0 nossa privacidade&#8221;, acrescenta a breve mensagem da fam\u00edlia, sem detalhar as causas do falecimento. A chancelaria tamb\u00e9m n\u00e3o respondeu \u00e0s perguntas dos jornalistas sobre as circunst\u00e2ncias da morte nem sobre onde o corpo foi localizado. Ap\u00f3s o desaparecimento, a fam\u00edlia solicitou a interven\u00e7\u00e3o do governo mexicano, e o presidente Andr\u00e9s Manuel L\u00f3pez Obrador afirmou que estava em contato direto com as autoridades alem\u00e3s.<\/p>\n<p>A jovem vivia em Berlim havia cinco meses, onde estava cursando uma p\u00f3s-gradua\u00e7\u00e3o. O \u00faltimo contato que a fam\u00edlia teve com ela foi em 22 de julho, quando Mar\u00eda Fernanda informou que planejava sair para um evento com amigos, mas acabou decidindo ficar em casa. No domingo, quando a fam\u00edlia costumava falar com ela, ela n\u00e3o atendeu \u00e0s chamadas. Em seu apartamento, foram encontrados seu celular e laptop, que est\u00e3o sendo analisados pela pol\u00edcia. De acordo com a pol\u00edcia alem\u00e3, Mar\u00eda Fernanda estava em uma &#8220;situa\u00e7\u00e3o psicol\u00f3gica excepcional&#8221;. Questionado por meios de comunica\u00e7\u00e3o mexicanos sobre essa situa\u00e7\u00e3o, o pai da jovem, Javier S\u00e1nchez, explicou que ela estava apenas &#8220;sentindo muita falta do M\u00e9xico&#8221;.<\/p>\n","protected":false},"excerpt":{"rendered":"<p>A mexicana Mar\u00eda Fernanda S\u00e1nchez, que teve a comunica\u00e7\u00e3o de desaparecida em Berlim, onde estudava, foi encontrada morta no s\u00e1bado (5), informou a fam\u00edlia em uma mensagem divulgada pela chancelaria do M\u00e9xico. &#8220;Com profunda tristeza, informamos que hoje, 5 de agosto, a pol\u00edcia da Alemanha confirmou que nossa filha Mar\u00eda Fernanda foi encontrada sem vida&#8221;, diz o texto. Segundo informa\u00e7\u00f5es da pol\u00edcia alem\u00e3 citadas pela imprensa mexicana, o corpo teria sido localizado no canal Teltow, no bairro Adlershof de Berlim, e a partir dos primeiros ind\u00edcios &#8220;n\u00e3o se pode presumir culpa de terceiros&#8221; pela morte. A chanceler mexicana Alicia Barcena [&hellip;]<\/p>\n","protected":false},"author":1,"featured_media":55499,"comment_status":"open","ping_status":"closed","sticky":false,"template":"","format":"standard","meta":{"_links_to":"","_links_to_target":""},"categories":[8,1],"tags":[],"views":937,"_links":{"self":[{"href":"https:\/\/www.brazilianpress.com\/v1\/wp-json\/wp\/v2\/posts\/55498"}],"collection":[{"href":"https:\/\/www.brazilianpress.com\/v1\/wp-json\/wp\/v2\/posts"}],"about":[{"href":"https:\/\/www.brazilianpress.com\/v1\/wp-json\/wp\/v2\/types\/post"}],"author":[{"embeddable":true,"href":"https:\/\/www.brazilianpress.com\/v1\/wp-json\/wp\/v2\/users\/1"}],"replies":[{"embeddable":true,"href":"https:\/\/www.brazilianpress.com\/v1\/wp-json\/wp\/v2\/comments?post=55498"}],"version-history":[{"count":1,"href":"https:\/\/www.brazilianpress.com\/v1\/wp-json\/wp\/v2\/posts\/55498\/revisions"}],"predecessor-version":[{"id":55500,"href":"https:\/\/www.brazilianpress.com\/v1\/wp-json\/wp\/v2\/posts\/55498\/revisions\/55500"}],"wp:featuredmedia":[{"embeddable":true,"href":"https:\/\/www.brazilianpress.com\/v1\/wp-json\/wp\/v2\/media\/55499"}],"wp:attachment":[{"href":"https:\/\/www.brazilianpress.com\/v1\/wp-json\/wp\/v2\/media?parent=55498"}],"wp:term":[{"taxonomy":"category","embeddable":true,"href":"https:\/\/www.brazilianpress.com\/v1\/wp-json\/wp\/v2\/categories?post=55498"},{"taxonomy":"post_tag","embeddable":true,"href":"https:\/\/www.brazilianpress.com\/v1\/wp-json\/wp\/v2\/tags?post=55498"}],"curies":[{"name":"wp","href":"https:\/\/api.w.org\/{rel}","templated":true}]}}