{"id":55511,"date":"2023-08-11T12:11:55","date_gmt":"2023-08-11T16:11:55","guid":{"rendered":"https:\/\/www.brazilianpress.com\/v1\/?p=55511"},"modified":"2023-08-11T12:11:55","modified_gmt":"2023-08-11T16:11:55","slug":"imigracao-governadora-declara-insustentavel-o-volume-de-ilegais-chegando-a-massachusetts","status":"publish","type":"post","link":"https:\/\/www.brazilianpress.com\/v1\/2023\/08\/11\/imigracao-governadora-declara-insustentavel-o-volume-de-ilegais-chegando-a-massachusetts\/","title":{"rendered":"Imigra\u00e7\u00e3o: Governadora declara &#8220;insustent\u00e1vel&#8221; o volume de ilegais chegando \u00e0 Massachusetts"},"content":{"rendered":"<p><strong>A governadora de Massachusetts, Maura Healey, decretou estado de emerg\u00eancia devido ao aumento de migrantes em busca de abrigo, em meio ao aumento dos custos de moradia. Mais de 20.000 pessoas, incluindo muitos imigrantes, est\u00e3o vivendo em abrigos estaduais, representando um aumento de 80% em rela\u00e7\u00e3o ao ano anterior.<\/strong><\/p>\n<p>Muitos imigrantes est\u00e3o chegando de outros estados de avi\u00e3o, com 50 fam\u00edlias chegando nas 48 horas anteriores ao an\u00fancio. Healey solicitou ajuda financeira do governo federal e autoriza\u00e7\u00f5es de trabalho para ajudar os rec\u00e9m-chegados a encontrar empregos rapidamente.<\/p>\n<p>Ela destacou que as autoriza\u00e7\u00f5es de trabalho demoram muito a serem concedidas. O estado est\u00e1 colaborando com organiza\u00e7\u00f5es locais para fornecer abrigo e lan\u00e7ou um fundo de ajuda aos imigrantes. Massachusetts \u00e9 legalmente obrigado a fornecer abrigo a fam\u00edlias eleg\u00edveis por meio de seu programa de assist\u00eancia de emerg\u00eancia.<\/p>\n<p><img src=\"https:\/\/s7d2.scene7.com\/is\/image\/TWCNews\/healey_emergency_shelter_shns_ma_0808\" alt=\"State asks residents to host immigrant families\" \/><\/p>\n","protected":false},"excerpt":{"rendered":"<p>A governadora de Massachusetts, Maura Healey, decretou estado de emerg\u00eancia devido ao aumento de migrantes em busca de abrigo, em meio ao aumento dos custos de moradia. Mais de 20.000 pessoas, incluindo muitos imigrantes, est\u00e3o vivendo em abrigos estaduais, representando um aumento de 80% em rela\u00e7\u00e3o ao ano anterior. Muitos imigrantes est\u00e3o chegando de outros estados de avi\u00e3o, com 50 fam\u00edlias chegando nas 48 horas anteriores ao an\u00fancio. Healey solicitou ajuda financeira do governo federal e autoriza\u00e7\u00f5es de trabalho para ajudar os rec\u00e9m-chegados a encontrar empregos rapidamente. Ela destacou que as autoriza\u00e7\u00f5es de trabalho demoram muito a serem concedidas. O [&hellip;]<\/p>\n","protected":false},"author":1,"featured_media":55512,"comment_status":"open","ping_status":"closed","sticky":false,"template":"","format":"standard","meta":{"_links_to":"","_links_to_target":""},"categories":[3,1,10],"tags":[],"views":1099,"_links":{"self":[{"href":"https:\/\/www.brazilianpress.com\/v1\/wp-json\/wp\/v2\/posts\/55511"}],"collection":[{"href":"https:\/\/www.brazilianpress.com\/v1\/wp-json\/wp\/v2\/posts"}],"about":[{"href":"https:\/\/www.brazilianpress.com\/v1\/wp-json\/wp\/v2\/types\/post"}],"author":[{"embeddable":true,"href":"https:\/\/www.brazilianpress.com\/v1\/wp-json\/wp\/v2\/users\/1"}],"replies":[{"embeddable":true,"href":"https:\/\/www.brazilianpress.com\/v1\/wp-json\/wp\/v2\/comments?post=55511"}],"version-history":[{"count":1,"href":"https:\/\/www.brazilianpress.com\/v1\/wp-json\/wp\/v2\/posts\/55511\/revisions"}],"predecessor-version":[{"id":55513,"href":"https:\/\/www.brazilianpress.com\/v1\/wp-json\/wp\/v2\/posts\/55511\/revisions\/55513"}],"wp:featuredmedia":[{"embeddable":true,"href":"https:\/\/www.brazilianpress.com\/v1\/wp-json\/wp\/v2\/media\/55512"}],"wp:attachment":[{"href":"https:\/\/www.brazilianpress.com\/v1\/wp-json\/wp\/v2\/media?parent=55511"}],"wp:term":[{"taxonomy":"category","embeddable":true,"href":"https:\/\/www.brazilianpress.com\/v1\/wp-json\/wp\/v2\/categories?post=55511"},{"taxonomy":"post_tag","embeddable":true,"href":"https:\/\/www.brazilianpress.com\/v1\/wp-json\/wp\/v2\/tags?post=55511"}],"curies":[{"name":"wp","href":"https:\/\/api.w.org\/{rel}","templated":true}]}}