{"id":55527,"date":"2023-08-15T18:12:25","date_gmt":"2023-08-15T22:12:25","guid":{"rendered":"https:\/\/www.brazilianpress.com\/v1\/?p=55527"},"modified":"2023-08-15T18:12:25","modified_gmt":"2023-08-15T22:12:25","slug":"mexico-encontra-231-migrantes-em-conteiner-de-caminhao-sem-ventilacao-e-comida","status":"publish","type":"post","link":"https:\/\/www.brazilianpress.com\/v1\/2023\/08\/15\/mexico-encontra-231-migrantes-em-conteiner-de-caminhao-sem-ventilacao-e-comida\/","title":{"rendered":"M\u00e9xico encontra 231 migrantes em cont\u00eainer de caminh\u00e3o, sem ventila\u00e7\u00e3o e comida"},"content":{"rendered":"<p><strong>Agentes de migra\u00e7\u00e3o e a pol\u00edcia mexicana encontraram 231 migrantes da Guatemala e de El Salvador que viajavam no cont\u00eainer de um caminh\u00e3o na noite de segunda-feira, informaram as autoridades nesta ter\u00e7a. Os migrantes foram localizados na rodovia que conecta a Cidade do M\u00e9xico ao estado de Puebla, no centro do pa\u00eds.<\/strong><\/p>\n<p>&#8220;Durante a fiscaliza\u00e7\u00e3o do caminh\u00e3o, ouviram-se pancadas e gritos na parte traseira. Ao abrir uma das portas, ficou exposta uma comporta (&#8230;). Podia-se ver meninas e meninos segurados por adultos&#8221;, relatou o Instituto Nacional de Migra\u00e7\u00e3o (INM), em um comunicado. A ag\u00eancia acrescentou que, na carroceria do caminh\u00e3o, havia 92 adultos, 120 menores e 18 adolescentes da Guatemala, junto com um homem de El Salvador. Segundo a mesma fonte, os migrantes estavam viajando sem comida ou ventila\u00e7\u00e3o.<\/p>\n<p><img src=\"https:\/\/uploads.metropoles.com\/wp-content\/uploads\/2023\/08\/15182706\/migrantes-mexico-caminhao-conteiner-231-600x380.jpg\" alt=\"M\u00e9xico: 231 migrantes s\u00e3o encontrados dentro de cont\u00eainer de caminh\u00e3o |  Metr\u00f3poles\" \/><\/p>\n<p>Muitos migrantes em situa\u00e7\u00e3o ilegal viajam pelas rodovias do M\u00e9xico tentando chegar \u00e0 fronteira com os Estados Unidos para buscar abrigo, ou atravess\u00e1-la de forma irregular. A maioria viaja clandestinamente, escondida em caminh\u00f5es de carga, em condi\u00e7\u00f5es de superlota\u00e7\u00e3o e submetida a maus-tratos nas m\u00e3os de &#8220;polleros&#8221;, como s\u00e3o conhecidos os traficantes de pessoas. No in\u00edcio de agosto, pelo menos 18 pessoas morreram, e outras 23 ficaram feridas, depois que um \u00f4nibus que transportava migrantes caiu em um barranco no estado de Nayarit, no noroeste do pa\u00eds.<\/p>\n","protected":false},"excerpt":{"rendered":"<p>Agentes de migra\u00e7\u00e3o e a pol\u00edcia mexicana encontraram 231 migrantes da Guatemala e de El Salvador que viajavam no cont\u00eainer de um caminh\u00e3o na noite de segunda-feira, informaram as autoridades nesta ter\u00e7a. Os migrantes foram localizados na rodovia que conecta a Cidade do M\u00e9xico ao estado de Puebla, no centro do pa\u00eds. &#8220;Durante a fiscaliza\u00e7\u00e3o do caminh\u00e3o, ouviram-se pancadas e gritos na parte traseira. Ao abrir uma das portas, ficou exposta uma comporta (&#8230;). Podia-se ver meninas e meninos segurados por adultos&#8221;, relatou o Instituto Nacional de Migra\u00e7\u00e3o (INM), em um comunicado. A ag\u00eancia acrescentou que, na carroceria do caminh\u00e3o, [&hellip;]<\/p>\n","protected":false},"author":1,"featured_media":55528,"comment_status":"open","ping_status":"closed","sticky":false,"template":"","format":"standard","meta":{"_links_to":"","_links_to_target":""},"categories":[3,8,1],"tags":[],"views":1154,"_links":{"self":[{"href":"https:\/\/www.brazilianpress.com\/v1\/wp-json\/wp\/v2\/posts\/55527"}],"collection":[{"href":"https:\/\/www.brazilianpress.com\/v1\/wp-json\/wp\/v2\/posts"}],"about":[{"href":"https:\/\/www.brazilianpress.com\/v1\/wp-json\/wp\/v2\/types\/post"}],"author":[{"embeddable":true,"href":"https:\/\/www.brazilianpress.com\/v1\/wp-json\/wp\/v2\/users\/1"}],"replies":[{"embeddable":true,"href":"https:\/\/www.brazilianpress.com\/v1\/wp-json\/wp\/v2\/comments?post=55527"}],"version-history":[{"count":1,"href":"https:\/\/www.brazilianpress.com\/v1\/wp-json\/wp\/v2\/posts\/55527\/revisions"}],"predecessor-version":[{"id":55529,"href":"https:\/\/www.brazilianpress.com\/v1\/wp-json\/wp\/v2\/posts\/55527\/revisions\/55529"}],"wp:featuredmedia":[{"embeddable":true,"href":"https:\/\/www.brazilianpress.com\/v1\/wp-json\/wp\/v2\/media\/55528"}],"wp:attachment":[{"href":"https:\/\/www.brazilianpress.com\/v1\/wp-json\/wp\/v2\/media?parent=55527"}],"wp:term":[{"taxonomy":"category","embeddable":true,"href":"https:\/\/www.brazilianpress.com\/v1\/wp-json\/wp\/v2\/categories?post=55527"},{"taxonomy":"post_tag","embeddable":true,"href":"https:\/\/www.brazilianpress.com\/v1\/wp-json\/wp\/v2\/tags?post=55527"}],"curies":[{"name":"wp","href":"https:\/\/api.w.org\/{rel}","templated":true}]}}