{"id":56133,"date":"2023-10-31T18:11:15","date_gmt":"2023-10-31T22:11:15","guid":{"rendered":"https:\/\/www.brazilianpress.com\/v1\/?p=56133"},"modified":"2023-10-31T18:11:15","modified_gmt":"2023-10-31T22:11:15","slug":"piramide-financeira-da-divida-dos-eua-vai-implodir-gerando-crise-pior-que-a-de-2008-preve-economista","status":"publish","type":"post","link":"https:\/\/www.brazilianpress.com\/v1\/2023\/10\/31\/piramide-financeira-da-divida-dos-eua-vai-implodir-gerando-crise-pior-que-a-de-2008-preve-economista\/","title":{"rendered":"\u201cPir\u00e2mide financeira da d\u00edvida dos EUA vai implodir, gerando crise pior que a de 2008\u201d, prev\u00ea economista"},"content":{"rendered":"<p><strong>Apesar de os dados de crescimento dos EUA terem superado as expectativas na semana passada, alimentando o otimismo de que uma recess\u00e3o ser\u00e1 evitada, muitos economistas veem os n\u00fameros como enganosos e alertam para uma crise iminente, incluindo um colapso financeiro.<\/strong><\/p>\n<p>Em um podcast recente, o controverso economista Peter Schiff voltou a prever tal cen\u00e1rio catastr\u00f3fico, alegando que ele j\u00e1 est\u00e1 em curso, mas de forma \u201csub-rept\u00edcia\u201d.<\/p>\n<p><img loading=\"lazy\" class=\"alignnone size-full\" src=\"https:\/\/image.cnbcfm.com\/api\/v1\/image\/101914700-RTR3P5TH.jpg?v=1529451494\" width=\"2000\" height=\"1333\" \/><\/p>\n<p>\u201cNingu\u00e9m percebe que esta crise come\u00e7ou, mas acredite em mim, ela come\u00e7ou\u201d, afirmou Schiff, comparando com \u201co que aconteceu na crise financeira de 2008\u201d, que n\u00e3o \u201ccome\u00e7ou apenas quando o Lehman Brothers quebrou\u201d, sugerindo que os sinais antecipados da Grande Crise Financeira foram ignorados.<\/p>\n<p>Ele destacou que \u201ca raz\u00e3o pela qual Lehman Brothers, Bear Sterns, Fanny e Freddy, AIG (NYSE:AIG) e todas essas empresas quebraram foi sua exposi\u00e7\u00e3o ao mercado imobili\u00e1rio\u201d e ressaltou que \u201cessa exposi\u00e7\u00e3o era evidente por anos, mas especialmente em 2007, quando o mercado subprime implodiu\u201d, argumentando que \u201cqualquer um com um m\u00ednimo de senso cr\u00edtico deveria ter sido capaz de entender o que estava por vir\u201d naquela \u00e9poca.<\/p>\n<p>Ele lamentou que \u201ca maioria das pessoas em Wall Street era t\u00e3o ignorante que nem sequer chegava a ser ing\u00eanua e, por isso, n\u00e3o conseguiu entender o que se passava\u201d, at\u00e9 que a crise explodiu em meados de 2008.<\/p>\n<p>Schiff enfatizou que a pr\u00f3xima crise ser\u00e1 muito maior porque os problemas subjacentes s\u00e3o muito mais graves. \u201cS\u00e3o os mesmos problemas (do passado), s\u00f3 que agora eles s\u00e3o muito maiores do que os problemas que t\u00ednhamos antes\u201d, disse o economista, observando que \u201cem vez de resolvermos os problemas, n\u00f3s os adiamos e os pioramos\u201d e que \u201cagora temos que arcar com as consequ\u00eancias\u201d. Schiff tamb\u00e9m afirmou que a economia e a d\u00edvida dos EUA s\u00e3o \u201cesquemas de Ponzi\u201d em colapso.<\/p>\n<p>\u201cO que acontece quando as pessoas percebem que \u00e9 um esquema de Ponzi? Elas n\u00e3o querem mais participar dele. E \u00e9 isso que est\u00e1 acontecendo. As institui\u00e7\u00f5es financeiras n\u00e3o querem nos emprestar mais dinheiro para pagar outros credores. \u00c9 isso que est\u00e1 acontecendo. \u00c9 por isso que os juros dos t\u00edtulos est\u00e3o subindo, porque os detentores de t\u00edtulos querem receber seu dinheiro no vencimento e n\u00e3o encontramos novos compradores\u201d, explicou o economista.<\/p>\n<p>Isso torna mais prov\u00e1vel que o governo e o banco central ter\u00e3o que criar mais infla\u00e7\u00e3o para pagar a d\u00edvida. Quanto \u00e0s origens da atual crise, que alguns atribuem \u00e0s pol\u00edticas desastrosas do presidente Biden, Schiff, ao contr\u00e1rio, acredita que elas remontam muito mais ao passado. Ele explicou como o governo Clinton iniciou a tend\u00eancia de usar financiamentos de curto prazo para reduzir os custos da d\u00edvida, pois as taxas eram muito baixas. No entanto, agora as taxas de juro est\u00e3o disparando e toda a d\u00edvida de curto prazo est\u00e1 vencendo, o que significa que o Tesouro tem que se endividar a uma taxa muito mais alta para refinanciar essa d\u00edvida. \u201cIsso vai se transformar em uma verdadeira crise da d\u00edvida p\u00fablica e da moeda, que j\u00e1 come\u00e7ou, mas est\u00e1 longe de terminar\u201d, concluiu Peter Schiff.<\/p>\n","protected":false},"excerpt":{"rendered":"<p>Apesar de os dados de crescimento dos EUA terem superado as expectativas na semana passada, alimentando o otimismo de que uma recess\u00e3o ser\u00e1 evitada, muitos economistas veem os n\u00fameros como enganosos e alertam para uma crise iminente, incluindo um colapso financeiro. Em um podcast recente, o controverso economista Peter Schiff voltou a prever tal cen\u00e1rio catastr\u00f3fico, alegando que ele j\u00e1 est\u00e1 em curso, mas de forma \u201csub-rept\u00edcia\u201d. \u201cNingu\u00e9m percebe que esta crise come\u00e7ou, mas acredite em mim, ela come\u00e7ou\u201d, afirmou Schiff, comparando com \u201co que aconteceu na crise financeira de 2008\u201d, que n\u00e3o \u201ccome\u00e7ou apenas quando o Lehman Brothers quebrou\u201d, [&hellip;]<\/p>\n","protected":false},"author":1,"featured_media":56134,"comment_status":"open","ping_status":"closed","sticky":false,"template":"","format":"standard","meta":{"_links_to":"","_links_to_target":""},"categories":[3,1,10],"tags":[],"views":936,"_links":{"self":[{"href":"https:\/\/www.brazilianpress.com\/v1\/wp-json\/wp\/v2\/posts\/56133"}],"collection":[{"href":"https:\/\/www.brazilianpress.com\/v1\/wp-json\/wp\/v2\/posts"}],"about":[{"href":"https:\/\/www.brazilianpress.com\/v1\/wp-json\/wp\/v2\/types\/post"}],"author":[{"embeddable":true,"href":"https:\/\/www.brazilianpress.com\/v1\/wp-json\/wp\/v2\/users\/1"}],"replies":[{"embeddable":true,"href":"https:\/\/www.brazilianpress.com\/v1\/wp-json\/wp\/v2\/comments?post=56133"}],"version-history":[{"count":1,"href":"https:\/\/www.brazilianpress.com\/v1\/wp-json\/wp\/v2\/posts\/56133\/revisions"}],"predecessor-version":[{"id":56135,"href":"https:\/\/www.brazilianpress.com\/v1\/wp-json\/wp\/v2\/posts\/56133\/revisions\/56135"}],"wp:featuredmedia":[{"embeddable":true,"href":"https:\/\/www.brazilianpress.com\/v1\/wp-json\/wp\/v2\/media\/56134"}],"wp:attachment":[{"href":"https:\/\/www.brazilianpress.com\/v1\/wp-json\/wp\/v2\/media?parent=56133"}],"wp:term":[{"taxonomy":"category","embeddable":true,"href":"https:\/\/www.brazilianpress.com\/v1\/wp-json\/wp\/v2\/categories?post=56133"},{"taxonomy":"post_tag","embeddable":true,"href":"https:\/\/www.brazilianpress.com\/v1\/wp-json\/wp\/v2\/tags?post=56133"}],"curies":[{"name":"wp","href":"https:\/\/api.w.org\/{rel}","templated":true}]}}