{"id":56164,"date":"2023-11-02T12:30:22","date_gmt":"2023-11-02T16:30:22","guid":{"rendered":"https:\/\/www.brazilianpress.com\/v1\/?p=56164"},"modified":"2023-11-02T12:30:22","modified_gmt":"2023-11-02T16:30:22","slug":"atletico-mg-vitima-de-bala-perdida-crianca-de-dois-anos-conhece-hulk-na-arena-mrv","status":"publish","type":"post","link":"https:\/\/www.brazilianpress.com\/v1\/2023\/11\/02\/atletico-mg-vitima-de-bala-perdida-crianca-de-dois-anos-conhece-hulk-na-arena-mrv\/","title":{"rendered":"Atl\u00e9tico-MG: v\u00edtima de bala perdida, crian\u00e7a de dois anos conhece Hulk na Arena MRV"},"content":{"rendered":"<p><strong>Correr no gramado. Era isso que o menino Samuel, de dois anos, queria o tempo inteiro. Na primeira vez no est\u00e1dio, o garotinho viu de perto o\u00a0Atl\u00e9tico-MG\u00a0vencer por 2 a 0, com gols de Paulinho, o Fluminense. Acompanhado dos pais e dos av\u00f3s, o pequeno Samuel viveu uma noite m\u00e1gica, com direito a foto com Hulk, camisa autografada e corridinha no gramado da Arena MRV.<\/strong><\/p>\n<p>Samuel, de dois anos, foi\u00a0v\u00edtima de bala perdida h\u00e1 um m\u00eas na regi\u00e3o norte da capital.\u00a0A crian\u00e7a caminhava com a av\u00f3, que tamb\u00e9m esteve na Arena na noite desse s\u00e1bado. O assunto \u00e9 passado na fam\u00edlia e somente a alegria do pequeno Samuel interessa.<\/p>\n<p>Em conversa exclusiva com o ge, o pai do menino, Miguel Augusto Braga do Esp\u00edrito Santos, de 23 anos, revelou a primeira fala do Samuel ao acordar no hospital: A fam\u00edlia esteve na Arena MRV a convite da Pol\u00edcia Militar e do est\u00e1dio. O garotinho ganhou uma camisa autografada do Hulk e tirou fotos com o atacante. Foi a primeira vez de toda a fam\u00edlia no est\u00e1dio. &#8211; Muito emocionante, ele j\u00e1 t\u00e1 gostando bastante inclusive, s\u00f3 divertindo, muito bom mesmo &#8211; disse Miguel, pai da crian\u00e7a.<\/p>\n","protected":false},"excerpt":{"rendered":"<p>Correr no gramado. Era isso que o menino Samuel, de dois anos, queria o tempo inteiro. Na primeira vez no est\u00e1dio, o garotinho viu de perto o\u00a0Atl\u00e9tico-MG\u00a0vencer por 2 a 0, com gols de Paulinho, o Fluminense. Acompanhado dos pais e dos av\u00f3s, o pequeno Samuel viveu uma noite m\u00e1gica, com direito a foto com Hulk, camisa autografada e corridinha no gramado da Arena MRV. Samuel, de dois anos, foi\u00a0v\u00edtima de bala perdida h\u00e1 um m\u00eas na regi\u00e3o norte da capital.\u00a0A crian\u00e7a caminhava com a av\u00f3, que tamb\u00e9m esteve na Arena na noite desse s\u00e1bado. O assunto \u00e9 passado na [&hellip;]<\/p>\n","protected":false},"author":1,"featured_media":56165,"comment_status":"open","ping_status":"closed","sticky":false,"template":"","format":"standard","meta":{"_links_to":"","_links_to_target":""},"categories":[9,1],"tags":[],"views":656,"_links":{"self":[{"href":"https:\/\/www.brazilianpress.com\/v1\/wp-json\/wp\/v2\/posts\/56164"}],"collection":[{"href":"https:\/\/www.brazilianpress.com\/v1\/wp-json\/wp\/v2\/posts"}],"about":[{"href":"https:\/\/www.brazilianpress.com\/v1\/wp-json\/wp\/v2\/types\/post"}],"author":[{"embeddable":true,"href":"https:\/\/www.brazilianpress.com\/v1\/wp-json\/wp\/v2\/users\/1"}],"replies":[{"embeddable":true,"href":"https:\/\/www.brazilianpress.com\/v1\/wp-json\/wp\/v2\/comments?post=56164"}],"version-history":[{"count":1,"href":"https:\/\/www.brazilianpress.com\/v1\/wp-json\/wp\/v2\/posts\/56164\/revisions"}],"predecessor-version":[{"id":56166,"href":"https:\/\/www.brazilianpress.com\/v1\/wp-json\/wp\/v2\/posts\/56164\/revisions\/56166"}],"wp:featuredmedia":[{"embeddable":true,"href":"https:\/\/www.brazilianpress.com\/v1\/wp-json\/wp\/v2\/media\/56165"}],"wp:attachment":[{"href":"https:\/\/www.brazilianpress.com\/v1\/wp-json\/wp\/v2\/media?parent=56164"}],"wp:term":[{"taxonomy":"category","embeddable":true,"href":"https:\/\/www.brazilianpress.com\/v1\/wp-json\/wp\/v2\/categories?post=56164"},{"taxonomy":"post_tag","embeddable":true,"href":"https:\/\/www.brazilianpress.com\/v1\/wp-json\/wp\/v2\/tags?post=56164"}],"curies":[{"name":"wp","href":"https:\/\/api.w.org\/{rel}","templated":true}]}}