{"id":56167,"date":"2023-11-02T12:31:58","date_gmt":"2023-11-02T16:31:58","guid":{"rendered":"https:\/\/www.brazilianpress.com\/v1\/?p=56167"},"modified":"2023-11-02T12:31:58","modified_gmt":"2023-11-02T16:31:58","slug":"com-nova-agencia-governo-portugues-promete-novo-paradigma-no-acolhimento-dos-imigrantes","status":"publish","type":"post","link":"https:\/\/www.brazilianpress.com\/v1\/2023\/11\/02\/com-nova-agencia-governo-portugues-promete-novo-paradigma-no-acolhimento-dos-imigrantes\/","title":{"rendered":"Com nova ag\u00eancia, governo portugu\u00eas promete &#8220;novo paradigma&#8221; no acolhimento dos imigrantes"},"content":{"rendered":"<p><strong>A ministra Adjunta e dos Assuntos Parlamentares, Ana Catarina Mendes, afirmou no domingo que a nova Ag\u00eancia para a Integra\u00e7\u00e3o, Migra\u00e7\u00f5es e Asilo (AIMA) quer mostrar um \u201cnovo paradigma\u201d no acolhimento e encaminhamento de imigrantes que procuram Portugal.<\/strong><\/p>\n<p>\u201cHoje n\u00f3s concretizamos uma reforma que h\u00e1 muito t\u00ednhamos anunciado, pela parte do Governo, que \u00e9 a separa\u00e7\u00e3o da parte policial daquilo que deve ser uma vis\u00e3o mais humanista e mais ao encontro daquilo que deve ser um bom servi\u00e7o da administra\u00e7\u00e3o p\u00fablica aos cidad\u00e3os que nos procuram para viver, para trabalhar, para estudar\u201d, afirmou, em declara\u00e7\u00f5es a governante.<\/p>\n<p>O que \u201cn\u00f3s pretendemos \u00e9 que a nova Ag\u00eancia para a Integra\u00e7\u00e3o, Migra\u00e7\u00f5es e Asilo tenha um novo paradigma que aposte naquilo que deve ser a digitaliza\u00e7\u00e3o, maior efici\u00eancia e mais recursos humanos\u201d, acrescentou Ana Catarina Mendes, salientando que o objetivo \u00e9 \u201cn\u00e3o s\u00f3 melhorar o seu servi\u00e7o da parte tecnol\u00f3gica, mas tamb\u00e9m responder mais facilmente \u00e0quilo que s\u00e3o as necessidades dos cidad\u00e3os\u201d.<\/p>\n<p>A nova ag\u00eancia herda 347 mil processos pendentes do agora extinto Servi\u00e7o de Estrangeiros e Fronteiras (SEF) e a prioridade ser\u00e1 regularizar, at\u00e9 final do ano, \u201das quest\u00f5es do reagrupamento familiar, que s\u00e3o absolutamente essenciais\u201d, salientou a ministra.<\/p>\n<p>Em paralelo, o governo ir\u00e1 investir na moderniza\u00e7\u00e3o do sistema inform\u00e1tico, um dos problemas do SEF, que n\u00e3o conseguia dar resposta aos pedidos feitos e apresentava v\u00e1rios problemas estruturais.<\/p>\n<p>Durante 2024, a tutela espera em funcionamento \u201cum portal j\u00e1 aberto a pedidos de concess\u00e3o e de renova\u00e7\u00e3o das autoriza\u00e7\u00f5es de resid\u00eancia\u201d, explicou Ana Catarina Mendes.<\/p>\n<p>Em paralelo, no primeiro trimestre de 2024, o executivo ir\u00e1 lan\u00e7ar \u201cuma opera\u00e7\u00e3o em conjunto com os munic\u00edpios, com aqueles que s\u00e3o os gabinetes de apoio aos imigrantes que hoje existem e que passam a integrar a AIMA\u201d, que permitam uma \u201cmaneira mais c\u00e9lere de podermos regular as pessoas que, tendo j\u00e1 entregue os seus pap\u00e9is, precisam tamb\u00e9m deles para estarem regulares no territ\u00f3rio\u201d.<\/p>\n<p>Esse esfor\u00e7o, que ir\u00e1 incluir tamb\u00e9m a coloca\u00e7\u00e3o de servi\u00e7os da AIMA nas lojas do cidad\u00e3o e o aumento de mais 10 postos de atendimento que se v\u00e3o somar aos 34 existentes.<\/p>\n<p>Al\u00e9m disso, \u201cpretendemos melhorar e ter um centro de atendimento telef\u00f4nico de qualidade que permita que as pessoas saibam exatamente quais s\u00e3o os passos que t\u00eam que dar e como tratar das suas coisas\u201d, explicou.<\/p>\n<p>Por outro lado, \u00e9 tamb\u00e9m objetivo do governo \u201cinstalar um centro nacional multidisciplinar que possa gerir os processos de prote\u00e7\u00e3o internacional, acompanhar os refugiados e os requerentes de asilo desde a sua entrada at\u00e9 \u00e0 sua integra\u00e7\u00e3o\u201d.<\/p>\n<p>Com um or\u00e7amento de 81 milh\u00f5es de euros, a nova ag\u00eancia conta com 740 funcion\u00e1rios e prev\u00ea 190 novas contrata\u00e7\u00f5es.<\/p>\n<p>Este novo modelo tamb\u00e9m quer atuar ao n\u00edvel do combate ao racismo e da integra\u00e7\u00e3o de grupos \u00e9tnicos, \u201cmelhorando a qualidade dos servi\u00e7os p\u00fablicos, com ganhos de efici\u00eancia, e dos recursos a eles afetos, maximizando sinergias e potenciando os seus resultados\u201d.<\/p>\n","protected":false},"excerpt":{"rendered":"<p>A ministra Adjunta e dos Assuntos Parlamentares, Ana Catarina Mendes, afirmou no domingo que a nova Ag\u00eancia para a Integra\u00e7\u00e3o, Migra\u00e7\u00f5es e Asilo (AIMA) quer mostrar um \u201cnovo paradigma\u201d no acolhimento e encaminhamento de imigrantes que procuram Portugal. \u201cHoje n\u00f3s concretizamos uma reforma que h\u00e1 muito t\u00ednhamos anunciado, pela parte do Governo, que \u00e9 a separa\u00e7\u00e3o da parte policial daquilo que deve ser uma vis\u00e3o mais humanista e mais ao encontro daquilo que deve ser um bom servi\u00e7o da administra\u00e7\u00e3o p\u00fablica aos cidad\u00e3os que nos procuram para viver, para trabalhar, para estudar\u201d, afirmou, em declara\u00e7\u00f5es a governante. O que \u201cn\u00f3s [&hellip;]<\/p>\n","protected":false},"author":1,"featured_media":56168,"comment_status":"open","ping_status":"closed","sticky":false,"template":"","format":"standard","meta":{"_links_to":"","_links_to_target":""},"categories":[8,1],"tags":[],"views":1024,"_links":{"self":[{"href":"https:\/\/www.brazilianpress.com\/v1\/wp-json\/wp\/v2\/posts\/56167"}],"collection":[{"href":"https:\/\/www.brazilianpress.com\/v1\/wp-json\/wp\/v2\/posts"}],"about":[{"href":"https:\/\/www.brazilianpress.com\/v1\/wp-json\/wp\/v2\/types\/post"}],"author":[{"embeddable":true,"href":"https:\/\/www.brazilianpress.com\/v1\/wp-json\/wp\/v2\/users\/1"}],"replies":[{"embeddable":true,"href":"https:\/\/www.brazilianpress.com\/v1\/wp-json\/wp\/v2\/comments?post=56167"}],"version-history":[{"count":1,"href":"https:\/\/www.brazilianpress.com\/v1\/wp-json\/wp\/v2\/posts\/56167\/revisions"}],"predecessor-version":[{"id":56169,"href":"https:\/\/www.brazilianpress.com\/v1\/wp-json\/wp\/v2\/posts\/56167\/revisions\/56169"}],"wp:featuredmedia":[{"embeddable":true,"href":"https:\/\/www.brazilianpress.com\/v1\/wp-json\/wp\/v2\/media\/56168"}],"wp:attachment":[{"href":"https:\/\/www.brazilianpress.com\/v1\/wp-json\/wp\/v2\/media?parent=56167"}],"wp:term":[{"taxonomy":"category","embeddable":true,"href":"https:\/\/www.brazilianpress.com\/v1\/wp-json\/wp\/v2\/categories?post=56167"},{"taxonomy":"post_tag","embeddable":true,"href":"https:\/\/www.brazilianpress.com\/v1\/wp-json\/wp\/v2\/tags?post=56167"}],"curies":[{"name":"wp","href":"https:\/\/api.w.org\/{rel}","templated":true}]}}